{"id":4231,"date":"2019-11-12T15:12:02","date_gmt":"2019-11-12T14:12:02","guid":{"rendered":"https:\/\/www.villadisotto.it\/radda-in-chianti\/"},"modified":"2022-07-05T12:54:20","modified_gmt":"2022-07-05T10:54:20","slug":"radda-in-chianti","status":"publish","type":"post","link":"https:\/\/www.villadisotto.it\/fr\/radda-in-chianti\/","title":{"rendered":"Radda in Chianti"},"content":{"rendered":"<p>[et_pb_section fb_built=\"1\" _builder_version=\"4.16\" custom_padding=\"27px|0px|8px|0px|false|false\" global_colors_info=\"{}\"][et_pb_row _builder_version=\"4.16\" custom_padding=\"27px|0px|34px|0px|false|false\" global_colors_info=\"{}\"][et_pb_column type=\"4_4\" _builder_version=\"4.16\" custom_padding=\"|||\" global_colors_info=\"{}\" custom_padding__hover=\"|||\"][et_pb_text _builder_version=\"4.16\" header_font=\"Petit Formal Script|700|||||||\" header_line_height=\"1.5em\" header_2_font=\"Petit Formal Script|700|||||||\" header_font_size_tablet=\"\" header_font_size_phone=\"25px\" header_font_size_last_edited=\"on|phone\" global_colors_info=\"{}\"]<\/p>\n<h2 style=\"text-align: center;\">Radda in Chianti<\/h2>\n<p style=\"text-align: center;\"><strong>Une localit\u00e9 connue pour son atmosph\u00e8re suggestive et ses panoramas merveilleux<\/strong><\/p>\n<p>[\/et_pb_text][\/et_pb_column][\/et_pb_row][\/et_pb_section][et_pb_section fb_built=\"1\" _builder_version=\"4.16\" custom_padding=\"15px|0px|30px|0px|false|false\" global_colors_info=\"{}\"][et_pb_row use_custom_gutter=\"on\" gutter_width=\"2\" padding_top_bottom_link_1=\"true\" _builder_version=\"4.16\" background_size=\"initial\" background_position=\"top_left\" background_repeat=\"repeat\" module_alignment=\"center\" custom_padding=\"0|0px|0|0px|false|false\" custom_width_px=\"1494px\" global_colors_info=\"{}\"][et_pb_column type=\"4_4\" _builder_version=\"4.16\" custom_padding=\"|||\" global_colors_info=\"{}\" custom_padding__hover=\"|||\"][et_pb_text _builder_version=\"4.16\" background_size=\"initial\" background_position=\"top_left\" background_repeat=\"repeat\" global_colors_info=\"{}\"]<strong>Radda in Chianti<\/strong> est un village m\u00e9di\u00e9val spectaculaire entour\u00e9 de murs d\u00e9fensifs puissants, situ\u00e9 sur le sommet de la colline qui divise les vall\u00e9es de l\u2019Arbia et de la Pesa.<\/p>\n<p>A son aspect typiquement m\u00e9di\u00e9val, caract\u00e9ris\u00e9 par des ruelles \u00e9troites et des b\u00e2timents classiques \u00e0 tour de la p\u00e9riode, s\u2019ajoute le <strong>charme traditionnel toscan<\/strong> des fa\u00e7ades en pierre locale.<\/p>\n<p>Sur la terrasse couverte de l\u2019\u00e9difice municipal ou <strong>Palais des Podest\u00e0<\/strong>, les murs sont orn\u00e9s des boucliers des diff\u00e9rents Podest\u00e0, avec une l\u00e9gende pour identifier les diff\u00e9rentes figures qui ont exerc\u00e9 leur pouvoir.<\/p>\n<p>Devant le Palais des Podest\u00e0, se dresse sur la place avec la fontaine la proposition de San Niccol\u00f2. Un autre b\u00e2timent int\u00e9ressant est la <strong>glaci\u00e8re grand-ducale<\/strong> : il a \u00e9t\u00e9 construit dans le but sp\u00e9cifique d\u2019\u00eatre rempli pendant l\u2019hiver avec de la neige, de sorte qu\u2019il formait de la glace, conserv\u00e9 - puis - dans un endroit frais pour qu\u2019il puisse \u00eatre utilis\u00e9 pendant tout l\u2019\u00e9t\u00e9.<\/p>\n<p>En tournant autour de la ville et en suivant les rues pav\u00e9es et les <strong>\"chemins m\u00e9di\u00e9vaux\"<\/strong>, on respire une 'atmosph\u00e8re au go\u00fbt particuli\u00e8rement paisible et \u00e9vocateur. Radda est une localit\u00e9 tr\u00e8s active, qui offre de nombreux <strong>\u00e9v\u00e9nements<\/strong> tels que des festivals de vin, des reconstitutions historiques et des activit\u00e9s culturelles.<br \/>\n[\/et_pb_text][et_pb_text _builder_version=\"4.16\" text_orientation=\"center\" global_colors_info=\"{}\"]<iframe loading=\"lazy\" style=\"border: 0;\" src=\"https:\/\/www.google.com\/maps\/embed?pb=!1m28!1m12!1m3!1d92729.97412853378!2d11.352857251014724!3d43.422760959504586!2m3!1f0!2f0!3f0!3m2!1i1024!2i768!4f13.1!4m13!3e0!4m5!1s0x132bcfb5562d131f%3A0xe86612684d6fa43b!2sVilla%20Di%20Sotto%2C%20Via%20di%20Santa%20Caterina%2C%20Villa%20A%20Sesta%2C%20SI!3m2!1d43.3842181!2d11.4798656!4m5!1s0x132bcb1b7d5656eb%3A0xd32774d27b17279!2sRadda%20in%20Chianti%2C%20SI!3m2!1d43.4861003!2d11.370762299999999!5e0!3m2!1sit!2sit!4v1568894069526!5m2!1sit!2sit\" width=\"1500\" height=\"450\" frameborder=\"0\" allowfullscreen=\"allowfullscreen\"><\/iframe>[\/et_pb_text][\/et_pb_column][\/et_pb_row][\/et_pb_section][et_pb_section fb_built=\"1\" _builder_version=\"4.16\" _module_preset=\"default\" background_color=\"#f7f7f7\" custom_padding=\"20px||20px||true|false\" border_radii=\"off||||\" box_shadow_style=\"preset4\" box_shadow_horizontal=\"-10px\" box_shadow_color=\"rgba(12,88,41,0.34)\" locked=\"off\" global_colors_info=\"{}\"][et_pb_row _builder_version=\"4.16\" _module_preset=\"default\" global_colors_info=\"{}\"][et_pb_column type=\"4_4\" _builder_version=\"4.16\" _module_preset=\"default\" global_colors_info=\"{}\"][et_pb_text _builder_version=\"4.16\" _module_preset=\"default\" header_text_align=\"center\" header_3_font=\"Petit Formal Script|700|||||||\" header_3_text_align=\"center\" global_colors_info=\"{}\"]<\/p>\n<h3>Pourquoi vous devriez visiter Radda in Chianti<\/h3>\n<p>[\/et_pb_text][et_pb_divider color=\"rgba(11,94,0,0.62)\" _builder_version=\"4.16\" _module_preset=\"default\" global_colors_info=\"{}\"][\/et_pb_divider][\/et_pb_column][\/et_pb_row][et_pb_row column_structure=\"1_3,1_3,1_3\" _builder_version=\"4.16\" _module_preset=\"default\" custom_margin=\"-30px|auto|30px|auto|false|false\" global_colors_info=\"{}\"][et_pb_column type=\"1_3\" _builder_version=\"4.16\" _module_preset=\"default\" global_colors_info=\"{}\"][et_pb_blurb use_icon=\"on\" font_icon=\"&#xe031;||divi||400\" image_icon_width=\"25px\" _builder_version=\"4.16\" _module_preset=\"default\" body_text_align=\"center\" body_font_size=\"18px\" icon_font_size=\"25px\" global_colors_info=\"{}\"]<\/p>\n<p>les ch\u00e2teaux et les fortifications ont \u00e9t\u00e9 transform\u00e9s en villas et en maisons<\/p>\n<p>[\/et_pb_blurb][\/et_pb_column][et_pb_column type=\"1_3\" _builder_version=\"4.16\" _module_preset=\"default\" global_colors_info=\"{}\"][et_pb_blurb use_icon=\"on\" font_icon=\"&#xe031;||divi||400\" image_icon_width=\"25px\" _builder_version=\"4.16\" _module_preset=\"default\" body_text_align=\"center\" body_font_size=\"18px\" icon_font_size=\"25px\" global_colors_info=\"{}\"]<\/p>\n<p>il existe de nombreuses boutiques d'artisanat o\u00f9 vous pouvez acheter des souvenirs originaux<\/p>\n<p>[\/et_pb_blurb][\/et_pb_column][et_pb_column type=\"1_3\" _builder_version=\"4.16\" _module_preset=\"default\" global_colors_info=\"{}\"][et_pb_blurb use_icon=\"on\" font_icon=\"&#xe031;||divi||400\" image_icon_width=\"25px\" _builder_version=\"4.16\" _module_preset=\"default\" body_text_align=\"center\" body_font_size=\"18px\" icon_font_size=\"25px\" global_colors_info=\"{}\"]<\/p>\n<p>de son emplacement, il est possible d'admirer le panorama \u00e0 360\u00b0 gr\u00e2ce aux passerelles m\u00e9di\u00e9vales<\/p>\n<p>[\/et_pb_blurb][\/et_pb_column][\/et_pb_row][\/et_pb_section][et_pb_section fb_built=\"1\" _builder_version=\"4.16\" _module_preset=\"default\" min_height=\"1154.5px\" locked=\"off\" global_colors_info=\"{}\"][et_pb_row use_custom_gutter=\"on\" gutter_width=\"2\" _builder_version=\"4.16\" _module_preset=\"default\" global_colors_info=\"{}\"][et_pb_column type=\"4_4\" _builder_version=\"4.16\" _module_preset=\"default\" global_colors_info=\"{}\"][et_pb_gallery gallery_ids=\"19703,19678,19683,19723,19668,19673,19688,19713,19708,19698,19693,19663\" posts_number=\"20\" orientation=\"portrait\" show_title_and_caption=\"off\" show_pagination=\"off\" _builder_version=\"4.16\" _module_preset=\"default\" global_colors_info=\"{}\"][\/et_pb_gallery][\/et_pb_column][\/et_pb_row][\/et_pb_section][et_pb_section fb_built=\"1\" _builder_version=\"4.16\" custom_padding=\"0px||0px|||\" global_colors_info=\"{}\"][et_pb_row _builder_version=\"4.16\" custom_padding=\"0px||0px|||\" global_colors_info=\"{}\"][et_pb_column type=\"4_4\" _builder_version=\"4.16\" global_colors_info=\"{}\"][et_pb_button button_url=\"https:\/\/www.villadisotto.it\/wp-content\/uploads\/2020\/04\/Radda_in_Chianti_Villa_di_Sotto_Dintorni.pdf\" button_text=\"T\u00e9l\u00e9charger PDF\" button_alignment=\"center\" _builder_version=\"4.16\" custom_button=\"on\" button_text_color=\"#d3b14c\" button_bg_color=\"#ffffff\" button_border_color=\"#d3b14c\" button_icon=\"&#x35;||divi||400\" background_layout=\"dark\" locked=\"off\" global_colors_info=\"{}\"][\/et_pb_button][\/et_pb_column][\/et_pb_row][\/et_pb_section][et_pb_section fb_built=\"1\" _builder_version=\"4.16\" custom_padding=\"||12px|||\" locked=\"off\" global_colors_info=\"{}\"][et_pb_row _builder_version=\"4.16\" global_colors_info=\"{}\"][et_pb_column type=\"4_4\" _builder_version=\"4.16\" global_colors_info=\"{}\"][et_pb_text _builder_version=\"4.16\" header_2_font=\"Petit Formal Script|700|||||||\" global_colors_info=\"{}\"]<\/p>\n<h2>Continuez avec la d\u00e9couverte du Chianti...<\/h2>\n<p>[\/et_pb_text][et_pb_blog fullwidth=\"off\" posts_number=\"3\" include_categories=\"31\" use_manual_excerpt=\"off\" show_author=\"off\" show_date=\"off\" show_categories=\"off\" show_excerpt=\"off\" offset_number=\"7\" _builder_version=\"4.16\" header_font=\"|600|on||||||\" header_text_align=\"center\" pagination_font_size=\"18px\" global_colors_info=\"{}\"][\/et_pb_blog][\/et_pb_column][\/et_pb_row][\/et_pb_section]<\/p>\n","protected":false},"excerpt":{"rendered":"<p>Radda in Chianti Une localit\u00e9 connue pour son atmosph\u00e8re suggestive et ses panoramas merveilleux Radda in Chianti est un village m\u00e9di\u00e9val spectaculaire entour\u00e9 de murs d\u00e9fensifs puissants, situ\u00e9 sur le sommet de la colline qui divise les vall\u00e9es de l\u2019Arbia et de la Pesa. A son aspect typiquement m\u00e9di\u00e9val, caract\u00e9ris\u00e9 par des ruelles \u00e9troites et [&hellip;]<\/p>\n","protected":false},"author":3,"featured_media":19658,"comment_status":"closed","ping_status":"closed","sticky":false,"template":"","format":"standard","meta":{"_et_pb_use_builder":"on","_et_pb_old_content":"","_et_gb_content_width":"","footnotes":""},"categories":[44],"tags":[],"class_list":["post-4231","post","type-post","status-publish","format-standard","has-post-thumbnail","hentry","category-le-chianti-avec-ses-chateaux"],"yoast_head":"<!-- This site is optimized with the Yoast SEO plugin v27.4 - https:\/\/yoast.com\/product\/yoast-seo-wordpress\/ -->\n<title>Radda in Chianti, localit\u00e9 \u00e0 l\u2019atmosph\u00e8re suggestive - Villa di Sotto<\/title>\n<meta name=\"description\" content=\"Radda in Chianti | Radda in Chianti est un village m\u00e9di\u00e9val spectaculaire entour\u00e9 de murs d\u00e9fensifs puissants, situ\u00e9 sur le sommet de la colline qui divise les...\" \/>\n<meta name=\"robots\" content=\"index, follow, max-snippet:-1, max-image-preview:large, max-video-preview:-1\" \/>\n<link rel=\"canonical\" href=\"https:\/\/www.villadisotto.it\/fr\/radda-in-chianti\/\" \/>\n<meta property=\"og:locale\" content=\"fr_FR\" \/>\n<meta property=\"og:type\" content=\"article\" \/>\n<meta property=\"og:title\" content=\"Radda in Chianti, localit\u00e9 \u00e0 l\u2019atmosph\u00e8re suggestive - Villa di Sotto\" \/>\n<meta property=\"og:description\" content=\"Radda in Chianti | Radda in Chianti est un village m\u00e9di\u00e9val spectaculaire entour\u00e9 de murs d\u00e9fensifs puissants, situ\u00e9 sur le sommet de la colline qui divise les...\" \/>\n<meta property=\"og:url\" content=\"https:\/\/www.villadisotto.it\/fr\/radda-in-chianti\/\" \/>\n<meta property=\"og:site_name\" content=\"Villa di Sotto\" \/>\n<meta property=\"article:author\" content=\"https:\/\/www.facebook.com\/villadisotto\/\" \/>\n<meta property=\"article:published_time\" content=\"2019-11-12T14:12:02+00:00\" \/>\n<meta property=\"article:modified_time\" content=\"2022-07-05T10:54:20+00:00\" \/>\n<meta property=\"og:image\" content=\"https:\/\/www.villadisotto.it\/wp-content\/uploads\/2021\/10\/raddainchianti-1.jpg\" \/>\n\t<meta property=\"og:image:width\" content=\"1200\" \/>\n\t<meta property=\"og:image:height\" content=\"1000\" \/>\n\t<meta property=\"og:image:type\" content=\"image\/jpeg\" \/>\n<meta name=\"author\" content=\"Giulia\" \/>\n<meta name=\"twitter:card\" content=\"summary_large_image\" \/>\n<meta name=\"twitter:label1\" content=\"\u00c9crit par\" \/>\n\t<meta name=\"twitter:data1\" content=\"Giulia\" \/>\n\t<meta name=\"twitter:label2\" content=\"Dur\u00e9e de lecture estim\u00e9e\" \/>\n\t<meta name=\"twitter:data2\" content=\"6 minutes\" \/>\n<script type=\"application\/ld+json\" class=\"yoast-schema-graph\">{\"@context\":\"https:\\\/\\\/schema.org\",\"@graph\":[{\"@type\":\"Article\",\"@id\":\"https:\\\/\\\/www.villadisotto.it\\\/fr\\\/radda-in-chianti\\\/#article\",\"isPartOf\":{\"@id\":\"https:\\\/\\\/www.villadisotto.it\\\/fr\\\/radda-in-chianti\\\/\"},\"author\":{\"name\":\"Giulia\",\"@id\":\"https:\\\/\\\/www.villadisotto.it\\\/#\\\/schema\\\/person\\\/de6fd4c383fbdf92ac085b86f79f9d70\"},\"headline\":\"Radda in Chianti\",\"datePublished\":\"2019-11-12T14:12:02+00:00\",\"dateModified\":\"2022-07-05T10:54:20+00:00\",\"mainEntityOfPage\":{\"@id\":\"https:\\\/\\\/www.villadisotto.it\\\/fr\\\/radda-in-chianti\\\/\"},\"wordCount\":1128,\"image\":{\"@id\":\"https:\\\/\\\/www.villadisotto.it\\\/fr\\\/radda-in-chianti\\\/#primaryimage\"},\"thumbnailUrl\":\"https:\\\/\\\/www.villadisotto.it\\\/wp-content\\\/uploads\\\/2021\\\/10\\\/raddainchianti-1.jpg\",\"articleSection\":[\"Le Chianti avec ses ch\u00e2teaux\"],\"inLanguage\":\"fr-FR\"},{\"@type\":\"WebPage\",\"@id\":\"https:\\\/\\\/www.villadisotto.it\\\/fr\\\/radda-in-chianti\\\/\",\"url\":\"https:\\\/\\\/www.villadisotto.it\\\/fr\\\/radda-in-chianti\\\/\",\"name\":\"Radda in Chianti, localit\u00e9 \u00e0 l\u2019atmosph\u00e8re suggestive - Villa di Sotto\",\"isPartOf\":{\"@id\":\"https:\\\/\\\/www.villadisotto.it\\\/#website\"},\"primaryImageOfPage\":{\"@id\":\"https:\\\/\\\/www.villadisotto.it\\\/fr\\\/radda-in-chianti\\\/#primaryimage\"},\"image\":{\"@id\":\"https:\\\/\\\/www.villadisotto.it\\\/fr\\\/radda-in-chianti\\\/#primaryimage\"},\"thumbnailUrl\":\"https:\\\/\\\/www.villadisotto.it\\\/wp-content\\\/uploads\\\/2021\\\/10\\\/raddainchianti-1.jpg\",\"datePublished\":\"2019-11-12T14:12:02+00:00\",\"dateModified\":\"2022-07-05T10:54:20+00:00\",\"author\":{\"@id\":\"https:\\\/\\\/www.villadisotto.it\\\/#\\\/schema\\\/person\\\/de6fd4c383fbdf92ac085b86f79f9d70\"},\"description\":\"Radda in Chianti | Radda in Chianti est un village m\u00e9di\u00e9val spectaculaire entour\u00e9 de murs d\u00e9fensifs puissants, situ\u00e9 sur le sommet de la colline qui divise les...\",\"breadcrumb\":{\"@id\":\"https:\\\/\\\/www.villadisotto.it\\\/fr\\\/radda-in-chianti\\\/#breadcrumb\"},\"inLanguage\":\"fr-FR\",\"potentialAction\":[{\"@type\":\"ReadAction\",\"target\":[\"https:\\\/\\\/www.villadisotto.it\\\/fr\\\/radda-in-chianti\\\/\"]}]},{\"@type\":\"ImageObject\",\"inLanguage\":\"fr-FR\",\"@id\":\"https:\\\/\\\/www.villadisotto.it\\\/fr\\\/radda-in-chianti\\\/#primaryimage\",\"url\":\"https:\\\/\\\/www.villadisotto.it\\\/wp-content\\\/uploads\\\/2021\\\/10\\\/raddainchianti-1.jpg\",\"contentUrl\":\"https:\\\/\\\/www.villadisotto.it\\\/wp-content\\\/uploads\\\/2021\\\/10\\\/raddainchianti-1.jpg\",\"width\":1200,\"height\":1000,\"caption\":\"Radda in Chianti - Villa di Sotto\"},{\"@type\":\"BreadcrumbList\",\"@id\":\"https:\\\/\\\/www.villadisotto.it\\\/fr\\\/radda-in-chianti\\\/#breadcrumb\",\"itemListElement\":[{\"@type\":\"ListItem\",\"position\":1,\"name\":\"Home\",\"item\":\"https:\\\/\\\/www.villadisotto.it\\\/\"},{\"@type\":\"ListItem\",\"position\":2,\"name\":\"Radda in Chianti\"}]},{\"@type\":\"WebSite\",\"@id\":\"https:\\\/\\\/www.villadisotto.it\\\/#website\",\"url\":\"https:\\\/\\\/www.villadisotto.it\\\/\",\"name\":\"Villa di Sotto\",\"description\":\"Il cuore del Chianti\",\"potentialAction\":[{\"@type\":\"SearchAction\",\"target\":{\"@type\":\"EntryPoint\",\"urlTemplate\":\"https:\\\/\\\/www.villadisotto.it\\\/?s={search_term_string}\"},\"query-input\":{\"@type\":\"PropertyValueSpecification\",\"valueRequired\":true,\"valueName\":\"search_term_string\"}}],\"inLanguage\":\"fr-FR\"},{\"@type\":\"Person\",\"@id\":\"https:\\\/\\\/www.villadisotto.it\\\/#\\\/schema\\\/person\\\/de6fd4c383fbdf92ac085b86f79f9d70\",\"name\":\"Giulia\",\"image\":{\"@type\":\"ImageObject\",\"inLanguage\":\"fr-FR\",\"@id\":\"https:\\\/\\\/secure.gravatar.com\\\/avatar\\\/c4c535cf59659e54ef635c590eb25e0648a3a555d17a0fcdbf62384f0c501661?s=96&d=mm&r=g\",\"url\":\"https:\\\/\\\/secure.gravatar.com\\\/avatar\\\/c4c535cf59659e54ef635c590eb25e0648a3a555d17a0fcdbf62384f0c501661?s=96&d=mm&r=g\",\"contentUrl\":\"https:\\\/\\\/secure.gravatar.com\\\/avatar\\\/c4c535cf59659e54ef635c590eb25e0648a3a555d17a0fcdbf62384f0c501661?s=96&d=mm&r=g\",\"caption\":\"Giulia\"},\"sameAs\":[\"http:\\\/\\\/www.villadisotto.it\",\"https:\\\/\\\/www.facebook.com\\\/villadisotto\\\/\",\"https:\\\/\\\/www.instagram.com\\\/villadisotto\\\/\"],\"url\":\"https:\\\/\\\/www.villadisotto.it\\\/fr\\\/author\\\/giulia\\\/\"}]}<\/script>\n<!-- \/ Yoast SEO plugin. -->","yoast_head_json":{"title":"Radda in Chianti, localit\u00e9 \u00e0 l\u2019atmosph\u00e8re suggestive - Villa di Sotto","description":"Radda in Chianti | Radda in Chianti est un village m\u00e9di\u00e9val spectaculaire entour\u00e9 de murs d\u00e9fensifs puissants, situ\u00e9 sur le sommet de la colline qui divise les...","robots":{"index":"index","follow":"follow","max-snippet":"max-snippet:-1","max-image-preview":"max-image-preview:large","max-video-preview":"max-video-preview:-1"},"canonical":"https:\/\/www.villadisotto.it\/fr\/radda-in-chianti\/","og_locale":"fr_FR","og_type":"article","og_title":"Radda in Chianti, localit\u00e9 \u00e0 l\u2019atmosph\u00e8re suggestive - Villa di Sotto","og_description":"Radda in Chianti | Radda in Chianti est un village m\u00e9di\u00e9val spectaculaire entour\u00e9 de murs d\u00e9fensifs puissants, situ\u00e9 sur le sommet de la colline qui divise les...","og_url":"https:\/\/www.villadisotto.it\/fr\/radda-in-chianti\/","og_site_name":"Villa di Sotto","article_author":"https:\/\/www.facebook.com\/villadisotto\/","article_published_time":"2019-11-12T14:12:02+00:00","article_modified_time":"2022-07-05T10:54:20+00:00","og_image":[{"width":1200,"height":1000,"url":"https:\/\/www.villadisotto.it\/wp-content\/uploads\/2021\/10\/raddainchianti-1.jpg","type":"image\/jpeg"}],"author":"Giulia","twitter_card":"summary_large_image","twitter_misc":{"\u00c9crit par":"Giulia","Dur\u00e9e de lecture estim\u00e9e":"6 minutes"},"schema":{"@context":"https:\/\/schema.org","@graph":[{"@type":"Article","@id":"https:\/\/www.villadisotto.it\/fr\/radda-in-chianti\/#article","isPartOf":{"@id":"https:\/\/www.villadisotto.it\/fr\/radda-in-chianti\/"},"author":{"name":"Giulia","@id":"https:\/\/www.villadisotto.it\/#\/schema\/person\/de6fd4c383fbdf92ac085b86f79f9d70"},"headline":"Radda in Chianti","datePublished":"2019-11-12T14:12:02+00:00","dateModified":"2022-07-05T10:54:20+00:00","mainEntityOfPage":{"@id":"https:\/\/www.villadisotto.it\/fr\/radda-in-chianti\/"},"wordCount":1128,"image":{"@id":"https:\/\/www.villadisotto.it\/fr\/radda-in-chianti\/#primaryimage"},"thumbnailUrl":"https:\/\/www.villadisotto.it\/wp-content\/uploads\/2021\/10\/raddainchianti-1.jpg","articleSection":["Le Chianti avec ses ch\u00e2teaux"],"inLanguage":"fr-FR"},{"@type":"WebPage","@id":"https:\/\/www.villadisotto.it\/fr\/radda-in-chianti\/","url":"https:\/\/www.villadisotto.it\/fr\/radda-in-chianti\/","name":"Radda in Chianti, localit\u00e9 \u00e0 l\u2019atmosph\u00e8re suggestive - Villa di Sotto","isPartOf":{"@id":"https:\/\/www.villadisotto.it\/#website"},"primaryImageOfPage":{"@id":"https:\/\/www.villadisotto.it\/fr\/radda-in-chianti\/#primaryimage"},"image":{"@id":"https:\/\/www.villadisotto.it\/fr\/radda-in-chianti\/#primaryimage"},"thumbnailUrl":"https:\/\/www.villadisotto.it\/wp-content\/uploads\/2021\/10\/raddainchianti-1.jpg","datePublished":"2019-11-12T14:12:02+00:00","dateModified":"2022-07-05T10:54:20+00:00","author":{"@id":"https:\/\/www.villadisotto.it\/#\/schema\/person\/de6fd4c383fbdf92ac085b86f79f9d70"},"description":"Radda in Chianti | Radda in Chianti est un village m\u00e9di\u00e9val spectaculaire entour\u00e9 de murs d\u00e9fensifs puissants, situ\u00e9 sur le sommet de la colline qui divise les...","breadcrumb":{"@id":"https:\/\/www.villadisotto.it\/fr\/radda-in-chianti\/#breadcrumb"},"inLanguage":"fr-FR","potentialAction":[{"@type":"ReadAction","target":["https:\/\/www.villadisotto.it\/fr\/radda-in-chianti\/"]}]},{"@type":"ImageObject","inLanguage":"fr-FR","@id":"https:\/\/www.villadisotto.it\/fr\/radda-in-chianti\/#primaryimage","url":"https:\/\/www.villadisotto.it\/wp-content\/uploads\/2021\/10\/raddainchianti-1.jpg","contentUrl":"https:\/\/www.villadisotto.it\/wp-content\/uploads\/2021\/10\/raddainchianti-1.jpg","width":1200,"height":1000,"caption":"Radda in Chianti - Villa di Sotto"},{"@type":"BreadcrumbList","@id":"https:\/\/www.villadisotto.it\/fr\/radda-in-chianti\/#breadcrumb","itemListElement":[{"@type":"ListItem","position":1,"name":"Home","item":"https:\/\/www.villadisotto.it\/"},{"@type":"ListItem","position":2,"name":"Radda in Chianti"}]},{"@type":"WebSite","@id":"https:\/\/www.villadisotto.it\/#website","url":"https:\/\/www.villadisotto.it\/","name":"Villa di Sotto","description":"Il cuore del Chianti","potentialAction":[{"@type":"SearchAction","target":{"@type":"EntryPoint","urlTemplate":"https:\/\/www.villadisotto.it\/?s={search_term_string}"},"query-input":{"@type":"PropertyValueSpecification","valueRequired":true,"valueName":"search_term_string"}}],"inLanguage":"fr-FR"},{"@type":"Person","@id":"https:\/\/www.villadisotto.it\/#\/schema\/person\/de6fd4c383fbdf92ac085b86f79f9d70","name":"Giulia","image":{"@type":"ImageObject","inLanguage":"fr-FR","@id":"https:\/\/secure.gravatar.com\/avatar\/c4c535cf59659e54ef635c590eb25e0648a3a555d17a0fcdbf62384f0c501661?s=96&d=mm&r=g","url":"https:\/\/secure.gravatar.com\/avatar\/c4c535cf59659e54ef635c590eb25e0648a3a555d17a0fcdbf62384f0c501661?s=96&d=mm&r=g","contentUrl":"https:\/\/secure.gravatar.com\/avatar\/c4c535cf59659e54ef635c590eb25e0648a3a555d17a0fcdbf62384f0c501661?s=96&d=mm&r=g","caption":"Giulia"},"sameAs":["http:\/\/www.villadisotto.it","https:\/\/www.facebook.com\/villadisotto\/","https:\/\/www.instagram.com\/villadisotto\/"],"url":"https:\/\/www.villadisotto.it\/fr\/author\/giulia\/"}]}},"_links":{"self":[{"href":"https:\/\/www.villadisotto.it\/fr\/wp-json\/wp\/v2\/posts\/4231","targetHints":{"allow":["GET"]}}],"collection":[{"href":"https:\/\/www.villadisotto.it\/fr\/wp-json\/wp\/v2\/posts"}],"about":[{"href":"https:\/\/www.villadisotto.it\/fr\/wp-json\/wp\/v2\/types\/post"}],"author":[{"embeddable":true,"href":"https:\/\/www.villadisotto.it\/fr\/wp-json\/wp\/v2\/users\/3"}],"replies":[{"embeddable":true,"href":"https:\/\/www.villadisotto.it\/fr\/wp-json\/wp\/v2\/comments?post=4231"}],"version-history":[{"count":21,"href":"https:\/\/www.villadisotto.it\/fr\/wp-json\/wp\/v2\/posts\/4231\/revisions"}],"predecessor-version":[{"id":23205,"href":"https:\/\/www.villadisotto.it\/fr\/wp-json\/wp\/v2\/posts\/4231\/revisions\/23205"}],"wp:featuredmedia":[{"embeddable":true,"href":"https:\/\/www.villadisotto.it\/fr\/wp-json\/wp\/v2\/media\/19658"}],"wp:attachment":[{"href":"https:\/\/www.villadisotto.it\/fr\/wp-json\/wp\/v2\/media?parent=4231"}],"wp:term":[{"taxonomy":"category","embeddable":true,"href":"https:\/\/www.villadisotto.it\/fr\/wp-json\/wp\/v2\/categories?post=4231"},{"taxonomy":"post_tag","embeddable":true,"href":"https:\/\/www.villadisotto.it\/fr\/wp-json\/wp\/v2\/tags?post=4231"}],"curies":[{"name":"wp","href":"https:\/\/api.w.org\/{rel}","templated":true}]}}