{"id":12115,"date":"2021-01-11T14:31:36","date_gmt":"2021-01-11T13:31:36","guid":{"rendered":"https:\/\/www.villadisotto.it\/sovicille\/"},"modified":"2021-01-11T16:32:19","modified_gmt":"2021-01-11T15:32:19","slug":"sovicille","status":"publish","type":"post","link":"https:\/\/www.villadisotto.it\/fr\/sovicille\/","title":{"rendered":"Sovicille"},"content":{"rendered":"<p>[et_pb_section fb_built=\"1\" _builder_version=\"3.22.3\" custom_padding=\"27px|0px|8px|0px|false|false\"][et_pb_row _builder_version=\"3.25\" custom_margin=\"|auto|-51px|auto||\" custom_padding=\"27px|0px|34px|0px|false|false\"][et_pb_column type=\"4_4\" _builder_version=\"3.25\" custom_padding=\"|||\" custom_padding__hover=\"|||\"][et_pb_text _builder_version=\"4.7.7\" header_font=\"Petit Formal Script|700|||||||\" header_line_height=\"1.5em\" header_2_font=\"Petit Formal Script|700|||||||\" header_font_size_tablet=\"\" header_font_size_phone=\"25px\" header_font_size_last_edited=\"on|phone\"]<\/p>\n<h2 style=\"text-align: center;\">Sovicille<\/h2>\n<p style=\"text-align: center;\"><b>Un paysage \u00e9vocateur riche en souvenirs historiques<\/b><\/p>\n<p>[\/et_pb_text][\/et_pb_column][\/et_pb_row][\/et_pb_section][et_pb_section fb_built=\"1\" _builder_version=\"3.22.3\" custom_padding=\"15px|0px|30px|0px|false|false\"][et_pb_row use_custom_gutter=\"on\" gutter_width=\"2\" padding_top_bottom_link_1=\"true\" _builder_version=\"3.25\" background_size=\"initial\" background_position=\"top_left\" background_repeat=\"repeat\" module_alignment=\"center\" custom_padding=\"0px|0px|0|0px|false|false\" custom_width_px=\"1494px\"][et_pb_column type=\"4_4\" _builder_version=\"3.25\" custom_padding=\"|||\" custom_padding__hover=\"|||\"][et_pb_text _builder_version=\"4.7.7\" background_size=\"initial\" background_position=\"top_left\" background_repeat=\"repeat\" custom_padding=\"||15px|||\"]<\/p>\n<p>&nbsp;<\/p>\n<p align=\"center\" style=\"text-align: left;\">Au loin, Sovicille ressemble \u00e0 une <strong>petite \u00eele<\/strong> immerg\u00e9e dans les bois verts et les collines de la Toscane. Sovicille est situ\u00e9e \u00e0 environ 10 km de Sienne et, avec ses 14.376 hectares, elle est l'une des plus grandes municipalit\u00e9s de la province.<\/p>\n<p align=\"center\" style=\"text-align: left;\">La structure de l'ancien noyau de Sovicille en forme d'ellipse d\u00e9note ses <strong>origines \u00e9trusques<\/strong>. Pour preuve, ces gens, et plus tard aussi les Romains, ont fond\u00e9 leurs villages sur la ligne de partage des eaux des collines, \u00e0 la fois dans un but d\u00e9fensif et pour \u00e9viter les inondations et les \u00e9pid\u00e9mies.<\/p>\n<p align=\"center\" style=\"text-align: left;\">Le centre historique de Sovicille a conserv\u00e9 sa taille originale en 1300 sans s'\u00e9tendre davantage, car au cours des si\u00e8cles, il a subi des guerres, des incendies et de nombreux fl\u00e9aux.<\/p>\n<p align=\"center\" style=\"text-align: left;\">Au-dessous du village, il y a quelques <strong>tunnels creus\u00e9s dans la roche<\/strong> \u00e0 l'\u00e9poque m\u00e9di\u00e9vale, con\u00e7us comme des voies de secours secondaires pour \u00e9chapper aux si\u00e8ges. A la place du Monument aux morts, il y avait jusque dans les ann\u00e9es 1920 un puits pour l'approvisionnement en eau du village. Les magasins, jusqu'au milieu du si\u00e8cle dernier, \u00e9taient des \u00e9curies pour les \u00e2nes et les moulins, car Sovicille \u00e9tait une ville de mineurs de charbon, de b\u00fbcherons et de barrocciai.<\/p>\n<p align=\"center\" style=\"text-align: left;\">Le <strong>patrimoine historique et artistique<\/strong> du territoire est d'une importance absolue et peut se vanter d'une grande pr\u00e9sence d'\u00e9glises romanes, d'abbayes et de ch\u00e2teaux qui pars\u00e8ment son paysage bois\u00e9 et vallonn\u00e9. La commune de Sovicille poss\u00e8de \u00e9galement, en Toscane, le plus grand nombre de villages m\u00e9di\u00e9vaux (environ 55), dont certains ont disparu, d'autres r\u00e9duits \u00e0 des fermes, d'autres encore conserv\u00e9s \u00e0 ce jour sans aucune modification.<\/p>\n<p align=\"center\" style=\"text-align: left;\">Le hameau de <strong>San Rocco a Pilli<\/strong> repr\u00e9sente la localit\u00e9 la plus peupl\u00e9e de Sovicille. Cette zone s'est consid\u00e9rablement \u00e9tendue au cours des derni\u00e8res d\u00e9cennies le long des pentes de la colline sur laquelle se dresse le clocher de l'\u00e9glise paroissiale. La ville s'est d'abord d\u00e9velopp\u00e9e le long de l'ancienne route qui reliait Sienne \u00e0 Poggio Civitate et Roselle.<\/p>\n<p align=\"center\" style=\"text-align: left;\">Au sommet de San Rocco se dresse l'<strong>\u00e9glise de San Bartolomeo<\/strong>, qui a connu une histoire tr\u00e8s mouvement\u00e9e alternant fermetures et restaurations. Aujourd'hui, cependant, il a finalement \u00e9t\u00e9 rouvert au culte.<\/p>\n<p>[\/et_pb_text][et_pb_button button_url=\"https:\/\/www.villadisotto.it\/wp-content\/uploads\/2021\/01\/Sovicille_Villa_di_Sotto_Environs.pdf\" button_text=\"T\u00e9l\u00e9charger PDF\" button_alignment=\"center\" _builder_version=\"4.7.7\" custom_button=\"on\" button_text_color=\"#d3b14c\" button_bg_color=\"#ffffff\" button_border_color=\"#d3b14c\" button_icon=\"%%20%%\" background_layout=\"dark\" locked=\"off\"][\/et_pb_button][\/et_pb_column][\/et_pb_row][\/et_pb_section][et_pb_section fb_built=\"1\" _builder_version=\"3.27.4\" custom_padding=\"0px||0px|||\"][et_pb_row _builder_version=\"4.7.4\" custom_padding=\"0px||0px|||\"][et_pb_column type=\"4_4\" _builder_version=\"3.27.4\"][et_pb_text _builder_version=\"4.7.7\" text_orientation=\"center\"]<iframe loading=\"lazy\" src=\"https:\/\/www.google.com\/maps\/embed?pb=!1m28!1m12!1m3!1d92914.79209264998!2d11.29448340044471!3d43.301964662634276!2m3!1f0!2f0!3f0!3m2!1i1024!2i768!4f13.1!4m13!3e0!4m5!1s0x132bcfb5562d131f%3A0xe86612684d6fa43b!2sVilla%20Di%20Sotto%2C%20Via%20di%20Santa%20Caterina%2C%20Villa%20A%20Sesta%20SI!3m2!1d43.384491!2d11.479875!4m5!1s0x132a290a5081bf99%3A0x89bc37da2a748db8!2s53018%20Sovicille%20SI!3m2!1d43.277705!2d11.2283476!5e0!3m2!1sit!2sit!4v1608034092715!5m2!1sit!2sit\" width=\"1500\" height=\"450\" frameborder=\"0\" style=\"border:0;\" allowfullscreen=\"\" aria-hidden=\"false\" tabindex=\"0\"><\/iframe>[\/et_pb_text][\/et_pb_column][\/et_pb_row][\/et_pb_section][et_pb_section fb_built=\"1\" _builder_version=\"3.29.3\" custom_padding=\"||12px|||\" locked=\"off\"][et_pb_row _builder_version=\"3.29.3\"][et_pb_column type=\"4_4\" _builder_version=\"3.29.3\"][et_pb_text _builder_version=\"3.29.3\" header_2_font=\"Petit Formal Script|700|||||||\"]<\/p>\n<h2>Continuez avec la d\u00e9couverte du Chianti...<\/h2>\n<p>[\/et_pb_text][et_pb_blog fullwidth=\"off\" posts_number=\"3\" include_categories=\"31\" use_manual_excerpt=\"off\" show_author=\"off\" show_date=\"off\" show_categories=\"off\" show_excerpt=\"off\" offset_number=\"6\" _builder_version=\"4.7.7\" header_font=\"|600|on||||||\" header_text_align=\"center\" pagination_font_size=\"18px\"][\/et_pb_blog][\/et_pb_column][\/et_pb_row][\/et_pb_section]<\/p>\n","protected":false},"excerpt":{"rendered":"<p>Sovicille Un paysage \u00e9vocateur riche en souvenirs historiques&nbsp; Au loin, Sovicille ressemble \u00e0 une petite \u00eele immerg\u00e9e dans les bois verts et les collines de la Toscane. Sovicille est situ\u00e9e \u00e0 environ 10 km de Sienne et, avec ses 14.376 hectares, elle est l'une des plus grandes municipalit\u00e9s de la province. La structure de l'ancien [&hellip;]<\/p>\n","protected":false},"author":3,"featured_media":11601,"comment_status":"closed","ping_status":"closed","sticky":false,"template":"","format":"standard","meta":{"_et_pb_use_builder":"on","_et_pb_old_content":"","_et_gb_content_width":"","footnotes":""},"categories":[77],"tags":[],"class_list":["post-12115","post","type-post","status-publish","format-standard","has-post-thumbnail","hentry","category-itineraires-les-environs-de-sienne"],"yoast_head":"<!-- This site is optimized with the Yoast SEO plugin v27.4 - https:\/\/yoast.com\/product\/yoast-seo-wordpress\/ -->\n<title>Sovicille, un paysage suggestif - Bed and Breakfast Villa di Sotto<\/title>\n<meta name=\"description\" content=\"Sovicille | Au loin, Sovicille ressemble \u00e0 une petite \u00eele immerg\u00e9e dans les bois verts et les collines de la Toscane. Sovicille est...\" \/>\n<meta name=\"robots\" content=\"index, follow, max-snippet:-1, max-image-preview:large, max-video-preview:-1\" \/>\n<link rel=\"canonical\" href=\"https:\/\/www.villadisotto.it\/fr\/sovicille\/\" \/>\n<meta property=\"og:locale\" content=\"fr_FR\" \/>\n<meta property=\"og:type\" content=\"article\" \/>\n<meta property=\"og:title\" content=\"Sovicille, un paysage suggestif - Bed and Breakfast Villa di Sotto\" \/>\n<meta property=\"og:description\" content=\"Sovicille | Au loin, Sovicille ressemble \u00e0 une petite \u00eele immerg\u00e9e dans les bois verts et les collines de la Toscane. Sovicille est...\" \/>\n<meta property=\"og:url\" content=\"https:\/\/www.villadisotto.it\/fr\/sovicille\/\" \/>\n<meta property=\"og:site_name\" content=\"Villa di Sotto\" \/>\n<meta property=\"article:author\" content=\"https:\/\/www.facebook.com\/villadisotto\/\" \/>\n<meta property=\"article:published_time\" content=\"2021-01-11T13:31:36+00:00\" \/>\n<meta property=\"article:modified_time\" content=\"2021-01-11T15:32:19+00:00\" \/>\n<meta property=\"og:image\" content=\"https:\/\/www.villadisotto.it\/wp-content\/uploads\/2020\/12\/sovicille-giusta.jpg\" \/>\n\t<meta property=\"og:image:width\" content=\"1024\" \/>\n\t<meta property=\"og:image:height\" content=\"683\" \/>\n\t<meta property=\"og:image:type\" content=\"image\/jpeg\" \/>\n<meta name=\"author\" content=\"Giulia\" \/>\n<meta name=\"twitter:card\" content=\"summary_large_image\" \/>\n<meta name=\"twitter:label1\" content=\"\u00c9crit par\" \/>\n\t<meta name=\"twitter:data1\" content=\"Giulia\" \/>\n\t<meta name=\"twitter:label2\" content=\"Dur\u00e9e de lecture estim\u00e9e\" \/>\n\t<meta name=\"twitter:data2\" content=\"4 minutes\" \/>\n<script type=\"application\/ld+json\" class=\"yoast-schema-graph\">{\"@context\":\"https:\\\/\\\/schema.org\",\"@graph\":[{\"@type\":\"Article\",\"@id\":\"https:\\\/\\\/www.villadisotto.it\\\/fr\\\/sovicille\\\/#article\",\"isPartOf\":{\"@id\":\"https:\\\/\\\/www.villadisotto.it\\\/fr\\\/sovicille\\\/\"},\"author\":{\"name\":\"Giulia\",\"@id\":\"https:\\\/\\\/www.villadisotto.it\\\/#\\\/schema\\\/person\\\/de6fd4c383fbdf92ac085b86f79f9d70\"},\"headline\":\"Sovicille\",\"datePublished\":\"2021-01-11T13:31:36+00:00\",\"dateModified\":\"2021-01-11T15:32:19+00:00\",\"mainEntityOfPage\":{\"@id\":\"https:\\\/\\\/www.villadisotto.it\\\/fr\\\/sovicille\\\/\"},\"wordCount\":798,\"image\":{\"@id\":\"https:\\\/\\\/www.villadisotto.it\\\/fr\\\/sovicille\\\/#primaryimage\"},\"thumbnailUrl\":\"https:\\\/\\\/www.villadisotto.it\\\/wp-content\\\/uploads\\\/2020\\\/12\\\/sovicille-giusta.jpg\",\"articleSection\":[\"Itin\u00e9raires les environs de Sienne\"],\"inLanguage\":\"fr-FR\"},{\"@type\":\"WebPage\",\"@id\":\"https:\\\/\\\/www.villadisotto.it\\\/fr\\\/sovicille\\\/\",\"url\":\"https:\\\/\\\/www.villadisotto.it\\\/fr\\\/sovicille\\\/\",\"name\":\"Sovicille, un paysage suggestif - Bed and Breakfast Villa di Sotto\",\"isPartOf\":{\"@id\":\"https:\\\/\\\/www.villadisotto.it\\\/#website\"},\"primaryImageOfPage\":{\"@id\":\"https:\\\/\\\/www.villadisotto.it\\\/fr\\\/sovicille\\\/#primaryimage\"},\"image\":{\"@id\":\"https:\\\/\\\/www.villadisotto.it\\\/fr\\\/sovicille\\\/#primaryimage\"},\"thumbnailUrl\":\"https:\\\/\\\/www.villadisotto.it\\\/wp-content\\\/uploads\\\/2020\\\/12\\\/sovicille-giusta.jpg\",\"datePublished\":\"2021-01-11T13:31:36+00:00\",\"dateModified\":\"2021-01-11T15:32:19+00:00\",\"author\":{\"@id\":\"https:\\\/\\\/www.villadisotto.it\\\/#\\\/schema\\\/person\\\/de6fd4c383fbdf92ac085b86f79f9d70\"},\"description\":\"Sovicille | Au loin, Sovicille ressemble \u00e0 une petite \u00eele immerg\u00e9e dans les bois verts et les collines de la Toscane. Sovicille est...\",\"breadcrumb\":{\"@id\":\"https:\\\/\\\/www.villadisotto.it\\\/fr\\\/sovicille\\\/#breadcrumb\"},\"inLanguage\":\"fr-FR\",\"potentialAction\":[{\"@type\":\"ReadAction\",\"target\":[\"https:\\\/\\\/www.villadisotto.it\\\/fr\\\/sovicille\\\/\"]}]},{\"@type\":\"ImageObject\",\"inLanguage\":\"fr-FR\",\"@id\":\"https:\\\/\\\/www.villadisotto.it\\\/fr\\\/sovicille\\\/#primaryimage\",\"url\":\"https:\\\/\\\/www.villadisotto.it\\\/wp-content\\\/uploads\\\/2020\\\/12\\\/sovicille-giusta.jpg\",\"contentUrl\":\"https:\\\/\\\/www.villadisotto.it\\\/wp-content\\\/uploads\\\/2020\\\/12\\\/sovicille-giusta.jpg\",\"width\":1024,\"height\":683,\"caption\":\"Sovicille - Villa di Sotto\"},{\"@type\":\"BreadcrumbList\",\"@id\":\"https:\\\/\\\/www.villadisotto.it\\\/fr\\\/sovicille\\\/#breadcrumb\",\"itemListElement\":[{\"@type\":\"ListItem\",\"position\":1,\"name\":\"Home\",\"item\":\"https:\\\/\\\/www.villadisotto.it\\\/\"},{\"@type\":\"ListItem\",\"position\":2,\"name\":\"Sovicille\"}]},{\"@type\":\"WebSite\",\"@id\":\"https:\\\/\\\/www.villadisotto.it\\\/#website\",\"url\":\"https:\\\/\\\/www.villadisotto.it\\\/\",\"name\":\"Villa di Sotto\",\"description\":\"Il cuore del Chianti\",\"potentialAction\":[{\"@type\":\"SearchAction\",\"target\":{\"@type\":\"EntryPoint\",\"urlTemplate\":\"https:\\\/\\\/www.villadisotto.it\\\/?s={search_term_string}\"},\"query-input\":{\"@type\":\"PropertyValueSpecification\",\"valueRequired\":true,\"valueName\":\"search_term_string\"}}],\"inLanguage\":\"fr-FR\"},{\"@type\":\"Person\",\"@id\":\"https:\\\/\\\/www.villadisotto.it\\\/#\\\/schema\\\/person\\\/de6fd4c383fbdf92ac085b86f79f9d70\",\"name\":\"Giulia\",\"image\":{\"@type\":\"ImageObject\",\"inLanguage\":\"fr-FR\",\"@id\":\"https:\\\/\\\/secure.gravatar.com\\\/avatar\\\/c4c535cf59659e54ef635c590eb25e0648a3a555d17a0fcdbf62384f0c501661?s=96&d=mm&r=g\",\"url\":\"https:\\\/\\\/secure.gravatar.com\\\/avatar\\\/c4c535cf59659e54ef635c590eb25e0648a3a555d17a0fcdbf62384f0c501661?s=96&d=mm&r=g\",\"contentUrl\":\"https:\\\/\\\/secure.gravatar.com\\\/avatar\\\/c4c535cf59659e54ef635c590eb25e0648a3a555d17a0fcdbf62384f0c501661?s=96&d=mm&r=g\",\"caption\":\"Giulia\"},\"sameAs\":[\"http:\\\/\\\/www.villadisotto.it\",\"https:\\\/\\\/www.facebook.com\\\/villadisotto\\\/\",\"https:\\\/\\\/www.instagram.com\\\/villadisotto\\\/\"],\"url\":\"https:\\\/\\\/www.villadisotto.it\\\/fr\\\/author\\\/giulia\\\/\"}]}<\/script>\n<!-- \/ Yoast SEO plugin. -->","yoast_head_json":{"title":"Sovicille, un paysage suggestif - Bed and Breakfast Villa di Sotto","description":"Sovicille | Au loin, Sovicille ressemble \u00e0 une petite \u00eele immerg\u00e9e dans les bois verts et les collines de la Toscane. Sovicille est...","robots":{"index":"index","follow":"follow","max-snippet":"max-snippet:-1","max-image-preview":"max-image-preview:large","max-video-preview":"max-video-preview:-1"},"canonical":"https:\/\/www.villadisotto.it\/fr\/sovicille\/","og_locale":"fr_FR","og_type":"article","og_title":"Sovicille, un paysage suggestif - Bed and Breakfast Villa di Sotto","og_description":"Sovicille | Au loin, Sovicille ressemble \u00e0 une petite \u00eele immerg\u00e9e dans les bois verts et les collines de la Toscane. Sovicille est...","og_url":"https:\/\/www.villadisotto.it\/fr\/sovicille\/","og_site_name":"Villa di Sotto","article_author":"https:\/\/www.facebook.com\/villadisotto\/","article_published_time":"2021-01-11T13:31:36+00:00","article_modified_time":"2021-01-11T15:32:19+00:00","og_image":[{"width":1024,"height":683,"url":"https:\/\/www.villadisotto.it\/wp-content\/uploads\/2020\/12\/sovicille-giusta.jpg","type":"image\/jpeg"}],"author":"Giulia","twitter_card":"summary_large_image","twitter_misc":{"\u00c9crit par":"Giulia","Dur\u00e9e de lecture estim\u00e9e":"4 minutes"},"schema":{"@context":"https:\/\/schema.org","@graph":[{"@type":"Article","@id":"https:\/\/www.villadisotto.it\/fr\/sovicille\/#article","isPartOf":{"@id":"https:\/\/www.villadisotto.it\/fr\/sovicille\/"},"author":{"name":"Giulia","@id":"https:\/\/www.villadisotto.it\/#\/schema\/person\/de6fd4c383fbdf92ac085b86f79f9d70"},"headline":"Sovicille","datePublished":"2021-01-11T13:31:36+00:00","dateModified":"2021-01-11T15:32:19+00:00","mainEntityOfPage":{"@id":"https:\/\/www.villadisotto.it\/fr\/sovicille\/"},"wordCount":798,"image":{"@id":"https:\/\/www.villadisotto.it\/fr\/sovicille\/#primaryimage"},"thumbnailUrl":"https:\/\/www.villadisotto.it\/wp-content\/uploads\/2020\/12\/sovicille-giusta.jpg","articleSection":["Itin\u00e9raires les environs de Sienne"],"inLanguage":"fr-FR"},{"@type":"WebPage","@id":"https:\/\/www.villadisotto.it\/fr\/sovicille\/","url":"https:\/\/www.villadisotto.it\/fr\/sovicille\/","name":"Sovicille, un paysage suggestif - Bed and Breakfast Villa di Sotto","isPartOf":{"@id":"https:\/\/www.villadisotto.it\/#website"},"primaryImageOfPage":{"@id":"https:\/\/www.villadisotto.it\/fr\/sovicille\/#primaryimage"},"image":{"@id":"https:\/\/www.villadisotto.it\/fr\/sovicille\/#primaryimage"},"thumbnailUrl":"https:\/\/www.villadisotto.it\/wp-content\/uploads\/2020\/12\/sovicille-giusta.jpg","datePublished":"2021-01-11T13:31:36+00:00","dateModified":"2021-01-11T15:32:19+00:00","author":{"@id":"https:\/\/www.villadisotto.it\/#\/schema\/person\/de6fd4c383fbdf92ac085b86f79f9d70"},"description":"Sovicille | Au loin, Sovicille ressemble \u00e0 une petite \u00eele immerg\u00e9e dans les bois verts et les collines de la Toscane. Sovicille est...","breadcrumb":{"@id":"https:\/\/www.villadisotto.it\/fr\/sovicille\/#breadcrumb"},"inLanguage":"fr-FR","potentialAction":[{"@type":"ReadAction","target":["https:\/\/www.villadisotto.it\/fr\/sovicille\/"]}]},{"@type":"ImageObject","inLanguage":"fr-FR","@id":"https:\/\/www.villadisotto.it\/fr\/sovicille\/#primaryimage","url":"https:\/\/www.villadisotto.it\/wp-content\/uploads\/2020\/12\/sovicille-giusta.jpg","contentUrl":"https:\/\/www.villadisotto.it\/wp-content\/uploads\/2020\/12\/sovicille-giusta.jpg","width":1024,"height":683,"caption":"Sovicille - Villa di Sotto"},{"@type":"BreadcrumbList","@id":"https:\/\/www.villadisotto.it\/fr\/sovicille\/#breadcrumb","itemListElement":[{"@type":"ListItem","position":1,"name":"Home","item":"https:\/\/www.villadisotto.it\/"},{"@type":"ListItem","position":2,"name":"Sovicille"}]},{"@type":"WebSite","@id":"https:\/\/www.villadisotto.it\/#website","url":"https:\/\/www.villadisotto.it\/","name":"Villa di Sotto","description":"Il cuore del Chianti","potentialAction":[{"@type":"SearchAction","target":{"@type":"EntryPoint","urlTemplate":"https:\/\/www.villadisotto.it\/?s={search_term_string}"},"query-input":{"@type":"PropertyValueSpecification","valueRequired":true,"valueName":"search_term_string"}}],"inLanguage":"fr-FR"},{"@type":"Person","@id":"https:\/\/www.villadisotto.it\/#\/schema\/person\/de6fd4c383fbdf92ac085b86f79f9d70","name":"Giulia","image":{"@type":"ImageObject","inLanguage":"fr-FR","@id":"https:\/\/secure.gravatar.com\/avatar\/c4c535cf59659e54ef635c590eb25e0648a3a555d17a0fcdbf62384f0c501661?s=96&d=mm&r=g","url":"https:\/\/secure.gravatar.com\/avatar\/c4c535cf59659e54ef635c590eb25e0648a3a555d17a0fcdbf62384f0c501661?s=96&d=mm&r=g","contentUrl":"https:\/\/secure.gravatar.com\/avatar\/c4c535cf59659e54ef635c590eb25e0648a3a555d17a0fcdbf62384f0c501661?s=96&d=mm&r=g","caption":"Giulia"},"sameAs":["http:\/\/www.villadisotto.it","https:\/\/www.facebook.com\/villadisotto\/","https:\/\/www.instagram.com\/villadisotto\/"],"url":"https:\/\/www.villadisotto.it\/fr\/author\/giulia\/"}]}},"_links":{"self":[{"href":"https:\/\/www.villadisotto.it\/fr\/wp-json\/wp\/v2\/posts\/12115","targetHints":{"allow":["GET"]}}],"collection":[{"href":"https:\/\/www.villadisotto.it\/fr\/wp-json\/wp\/v2\/posts"}],"about":[{"href":"https:\/\/www.villadisotto.it\/fr\/wp-json\/wp\/v2\/types\/post"}],"author":[{"embeddable":true,"href":"https:\/\/www.villadisotto.it\/fr\/wp-json\/wp\/v2\/users\/3"}],"replies":[{"embeddable":true,"href":"https:\/\/www.villadisotto.it\/fr\/wp-json\/wp\/v2\/comments?post=12115"}],"version-history":[{"count":8,"href":"https:\/\/www.villadisotto.it\/fr\/wp-json\/wp\/v2\/posts\/12115\/revisions"}],"predecessor-version":[{"id":12301,"href":"https:\/\/www.villadisotto.it\/fr\/wp-json\/wp\/v2\/posts\/12115\/revisions\/12301"}],"wp:featuredmedia":[{"embeddable":true,"href":"https:\/\/www.villadisotto.it\/fr\/wp-json\/wp\/v2\/media\/11601"}],"wp:attachment":[{"href":"https:\/\/www.villadisotto.it\/fr\/wp-json\/wp\/v2\/media?parent=12115"}],"wp:term":[{"taxonomy":"category","embeddable":true,"href":"https:\/\/www.villadisotto.it\/fr\/wp-json\/wp\/v2\/categories?post=12115"},{"taxonomy":"post_tag","embeddable":true,"href":"https:\/\/www.villadisotto.it\/fr\/wp-json\/wp\/v2\/tags?post=12115"}],"curies":[{"name":"wp","href":"https:\/\/api.w.org\/{rel}","templated":true}]}}