{"id":10867,"date":"2020-11-13T16:43:59","date_gmt":"2020-11-13T15:43:59","guid":{"rendered":"https:\/\/www.villadisotto.it\/piazza-del-campo-et-environs\/"},"modified":"2020-12-30T10:38:08","modified_gmt":"2020-12-30T09:38:08","slug":"piazza-del-campo-et-environs","status":"publish","type":"post","link":"https:\/\/www.villadisotto.it\/fr\/piazza-del-campo-et-environs\/","title":{"rendered":"Piazza del Campo et environs"},"content":{"rendered":"<p>[et_pb_section fb_built=\"1\" _builder_version=\"3.22.3\" custom_padding=\"27px|0px|8px|0px|false|false\"][et_pb_row _builder_version=\"3.25\" custom_padding=\"27px|0px|34px|0px|false|false\"][et_pb_column type=\"4_4\" _builder_version=\"3.25\" custom_padding=\"|||\" custom_padding__hover=\"|||\"][et_pb_text _builder_version=\"4.4.7\" header_font=\"Petit Formal Script|700|||||||\" header_line_height=\"1.5em\" header_2_font=\"Petit Formal Script|700|||||||\" header_font_size_tablet=\"\" header_font_size_phone=\"25px\" header_font_size_last_edited=\"on|phone\"]<\/p>\n<h2 style=\"text-align: center\">Piazza del Campo et environs<\/h2>\n<p style=\"text-align: center\"><strong>Peut-\u00eatre l'environnement urbain m\u00e9di\u00e9val le plus \u00e9vocateur en Italie<\/strong><\/p>\n<p>[\/et_pb_text][\/et_pb_column][\/et_pb_row][\/et_pb_section][et_pb_section fb_built=\"1\" _builder_version=\"3.22.3\" custom_padding=\"15px|0px|30px|0px|false|false\"][et_pb_row use_custom_gutter=\"on\" gutter_width=\"2\" padding_top_bottom_link_1=\"true\" _builder_version=\"3.25\" background_size=\"initial\" background_position=\"top_left\" background_repeat=\"repeat\" module_alignment=\"center\" custom_padding=\"0|0px|0|0px|false|false\" custom_width_px=\"1494px\"][et_pb_column type=\"4_4\" _builder_version=\"3.25\" custom_padding=\"|||\" custom_padding__hover=\"|||\"][et_pb_text _builder_version=\"4.4.7\" background_size=\"initial\" background_position=\"top_left\" background_repeat=\"repeat\"]<\/p>\n<p><strong>Piazza del Campo<\/strong><\/p>\n<p>Entre le XIIIe et le XIVe si\u00e8cle, la ville de Sienne a ressenti le besoin d'organiser un espace public de repr\u00e9sentation du pouvoir civil, en \u00e9tablissant une relation organique entre le si\u00e8ge du pouvoir judiciaire et les citoyens. La configuration spatiale tr\u00e8s particuli\u00e8re de la place, qui s'adapte sans la modifier \u00e0 la pente du terrain en cr\u00e9ant une forme d'h\u00e9micycle en forme de coquille, a \u00e9t\u00e9 d\u00e9termin\u00e9e \u00e0 la fin du XIIe si\u00e8cle par la construction d'un mur de s\u00e9paration entre la zone de l'actuel Campo et la zone adjacente de l'actuelle Piazza del Mercato, probablement pour endiguer l'\u00e9rosion du sol. Derri\u00e8re le mur appara\u00eet le Palazzo Pubblico : le point d'appui des diff\u00e9rentes directions visuelles. Le Palazzo Pubblico fut le premier \u00e0 \u00eatre construit et fut ensuite progressivement entour\u00e9 de r\u00e9sidences priv\u00e9es appartenant aux familles les plus importantes de Sienne. Symbole de toute la ville de Sienne, la Piazza del Campo abrite le Palio delle Contrade.<\/p>\n<p><strong>Fonte Gaia<\/strong><\/p>\n<p>La pr\u00e9sence d'une source sur la Piazza del Campo est attest\u00e9e depuis la moiti\u00e9 du XIVe si\u00e8cle, \u00e9poque \u00e0 laquelle a \u00e9t\u00e9 achev\u00e9e la construction de canaux souterrains, encore existants aujourd'hui, appel\u00e9s \"bottini\", qui transportaient l'eau de la campagne environnante jusqu'\u00e0 la ville, cr\u00e9ant ainsi un v\u00e9ritable r\u00e9seau de galeries rev\u00eatues de briques dans le sous-sol de Sienne, une \u0153uvre d'une grande valeur artistique et technique. En 1409, la municipalit\u00e9 a command\u00e9 la reconstruction de la fontaine pr\u00e9existante au grand sculpteur siennois Jacopo della Quercia, qui a termin\u00e9 les travaux en 1419. En raison de la grave d\u00e9t\u00e9rioration des marbres originaux, il a \u00e9t\u00e9 d\u00e9cid\u00e9 au XIXe si\u00e8cle de les remplacer par une copie r\u00e9alis\u00e9e par Tito Sarrocchi; les restes des reliefs originaux sont actuellement conserv\u00e9s \u00e0 l'int\u00e9rieur de l'h\u00f4pital de Santa Maria della Scala.<\/p>\n<p><strong>Palazzo Chigi Saracini<\/strong><\/p>\n<p>Situ\u00e9 dans la Via di Citt\u00e0, le Palazzo Chigi Saracini est l'une des plus anciennes r\u00e9sidences patriciennes de Sienne. Son noyau originel a pris forme au XIIe si\u00e8cle, lorsque la famille gibeline Marescotti a commenc\u00e9 la construction d'un ch\u00e2teau fort, incorporant progressivement les b\u00e2timents environnants; entre les XIIIe et XIVe si\u00e8cles, le b\u00e2timent a \u00e9galement servi de si\u00e8ge au Conseil des R\u00e9gents de la R\u00e9publique de Sienne, avant de s'installer finalement dans le Palazzo Pubblico, alors en construction. L'ext\u00e9rieur du Palais, achev\u00e9 au cours du XIVe si\u00e8cle mais soumis \u00e0 des ajouts et des r\u00e9novations \u00e0 la Renaissance et surtout \u00e0 la fin du XVIIIe si\u00e8cle, est de style gothique siennois typique, recouvert de pierre jusqu'au premier \u00e9tage, ouvert par des fen\u00eatres \u00e0 trois meneaux et termin\u00e9 d'un c\u00f4t\u00e9 par une tour taill\u00e9e dans la pierre.<\/p>\n<p><strong>Palazzo Piccolomini ou delle Papesse<\/strong><\/p>\n<p>Le Palazzo Piccolomini ou delle Papesse, avec l'autre Palazzo Piccolomini de la Via dei Banchi di Sotto, est l'un des rares exemples d'architecture de la Renaissance dans une ville comme Sienne, caract\u00e9ris\u00e9e par un tissu urbain essentiellement gothique.<\/p>\n<p><strong>Loggia della Mercanzia<\/strong><\/p>\n<p>La Loggia della Mercanzia se trouve sur la Croce del Travaglio, le lieu o\u00f9 se rejoignent les trois rues principales de la ville, \u00e0 l'origine du d\u00e9veloppement de la zone urbaine: Via di Citt\u00e0, Banchi di Sopra et Banchi di Sotto. La loggia se distingue non seulement par sa structure, mais aussi par son ornementation sculpturale, parmi les plus remarquables de la Sienne du XVe si\u00e8cle. La loggia et le palais du m\u00eame nom dont elle fait partie, qui b\u00e9n\u00e9ficie d'un prospectus donnant sur le centre du Campo, abritent depuis le XVIIIe si\u00e8cle le Circolo degli Uniti, populairement appel\u00e9 \"Casino dei Nobili\", une sorte d'association form\u00e9e par des membres de la noblesse siennoise, qui assure toujours \u00e0 ses membres et \u00e0 leurs invit\u00e9s une position privil\u00e9gi\u00e9e pour assister \u00e0 la course du Palio.<\/p>\n<p><strong>Palazzo Piccolomini<\/strong><\/p>\n<p>Situ\u00e9 dans la Via dei Banchi di Sotto, le Palazzo Piccolomini est le b\u00e2timent Renaissance le plus remarquable de Sienne. Le projet est attribu\u00e9 \u00e0 l'architecte florentin Bernardo Gambarelli dit Rossellino.<\/p>\n<p><strong>Logge del Papa<\/strong><\/p>\n<p>Les Loges du Pape sont situ\u00e9es au d\u00e9but de la Via dei Banchi di Sotto, pr\u00e8s de l'\u00e9glise de San Martino; elles ont \u00e9t\u00e9 \u00e9rig\u00e9es par le Pape Pie II Piccolomini en 1462 en hommage \u00e0 sa grande famille. Le Logge du Pape, ainsi que la grande taille du Palazzo Piccolomini adjacent, constituent l'\u00e9pisode le plus remarquable de la Renaissance siennoise, parfaitement int\u00e9gr\u00e9 dans le tissu urbain selon les plus hauts exemples de rationalit\u00e9 architecturale du XVe si\u00e8cle en Toscane.<\/p>\n<p>[\/et_pb_text][et_pb_button button_url=\"https:\/\/www.villadisotto.it\/wp-content\/uploads\/2020\/11\/Piazza_del_Campo_et_environs_Villa_di_Sotto_Environs.pdf\" button_text=\"T\u00e9l\u00e9charger PDF\" button_alignment=\"center\" _builder_version=\"4.7.0\" custom_button=\"on\" button_text_color=\"#d3b14c\" button_bg_color=\"#ffffff\" button_border_color=\"#d3b14c\" button_icon=\"%%20%%\" background_layout=\"dark\" locked=\"off\"][\/et_pb_button][\/et_pb_column][\/et_pb_row][\/et_pb_section][et_pb_section fb_built=\"1\" _builder_version=\"3.27.4\" custom_padding=\"0px||0px|||\"][et_pb_row _builder_version=\"3.27.4\" custom_padding=\"0px||0px|||\"][et_pb_column type=\"4_4\" _builder_version=\"3.27.4\"][et_pb_text _builder_version=\"4.4.3\" text_orientation=\"center\"][\/et_pb_text][\/et_pb_column][\/et_pb_row][\/et_pb_section][et_pb_section fb_built=\"1\" _builder_version=\"3.29.3\" custom_padding=\"||12px|||\" locked=\"off\"][et_pb_row _builder_version=\"3.29.3\"][et_pb_column type=\"4_4\" _builder_version=\"3.29.3\"][et_pb_text _builder_version=\"4.4.7\" header_2_font=\"Petit Formal Script|700|||||||\"]<\/p>\n<h2>D\u00e9couvrez le Chianti avec ses ch\u00e2teaux...<\/h2>\n<p>[\/et_pb_text][et_pb_blog fullwidth=\"off\" posts_number=\"3\" include_categories=\"31\" use_manual_excerpt=\"off\" show_author=\"off\" show_date=\"off\" show_categories=\"off\" show_excerpt=\"off\" offset_number=\"3\" _builder_version=\"4.4.7\" header_font=\"|600|on||||||\" header_text_align=\"center\" pagination_font_size=\"18px\"][\/et_pb_blog][\/et_pb_column][\/et_pb_row][\/et_pb_section]<\/p>\n","protected":false},"excerpt":{"rendered":"<p>Piazza del Campo et environs Peut-\u00eatre l'environnement urbain m\u00e9di\u00e9val le plus \u00e9vocateur en ItaliePiazza del Campo Entre le XIIIe et le XIVe si\u00e8cle, la ville de Sienne a ressenti le besoin d'organiser un espace public de repr\u00e9sentation du pouvoir civil, en \u00e9tablissant une relation organique entre le si\u00e8ge du pouvoir judiciaire et les citoyens. La [&hellip;]<\/p>\n","protected":false},"author":3,"featured_media":6812,"comment_status":"closed","ping_status":"closed","sticky":false,"template":"","format":"standard","meta":{"_et_pb_use_builder":"on","_et_pb_old_content":"","_et_gb_content_width":"","footnotes":""},"categories":[63],"tags":[],"class_list":["post-10867","post","type-post","status-publish","format-standard","has-post-thumbnail","hentry","category-la-ville-de-sienne"],"yoast_head":"<!-- This site is optimized with the Yoast SEO plugin v27.4 - https:\/\/yoast.com\/product\/yoast-seo-wordpress\/ -->\n<title>Piazza del Campo et environs - Bed and Breakfast Villa di Sotto<\/title>\n<meta name=\"description\" content=\"Piazza del Campo et environs | Peut-\u00eatre l&#039;environnement urbain m\u00e9di\u00e9val le plus \u00e9vocateur en Italie. Entre le XIIIe et le XIVe si\u00e8cle...\" \/>\n<meta name=\"robots\" content=\"index, follow, max-snippet:-1, max-image-preview:large, max-video-preview:-1\" \/>\n<link rel=\"canonical\" href=\"https:\/\/www.villadisotto.it\/fr\/piazza-del-campo-et-environs\/\" \/>\n<meta property=\"og:locale\" content=\"fr_FR\" \/>\n<meta property=\"og:type\" content=\"article\" \/>\n<meta property=\"og:title\" content=\"Piazza del Campo et environs - Bed and Breakfast Villa di Sotto\" \/>\n<meta property=\"og:description\" content=\"Piazza del Campo et environs | Peut-\u00eatre l&#039;environnement urbain m\u00e9di\u00e9val le plus \u00e9vocateur en Italie. Entre le XIIIe et le XIVe si\u00e8cle...\" \/>\n<meta property=\"og:url\" content=\"https:\/\/www.villadisotto.it\/fr\/piazza-del-campo-et-environs\/\" \/>\n<meta property=\"og:site_name\" content=\"Villa di Sotto\" \/>\n<meta property=\"article:author\" content=\"https:\/\/www.facebook.com\/villadisotto\/\" \/>\n<meta property=\"article:published_time\" content=\"2020-11-13T15:43:59+00:00\" \/>\n<meta property=\"article:modified_time\" content=\"2020-12-30T09:38:08+00:00\" \/>\n<meta property=\"og:image\" content=\"https:\/\/www.villadisotto.it\/wp-content\/uploads\/2020\/04\/siena-dintorni_itinerari-villa-di-sotto.jpg\" \/>\n\t<meta property=\"og:image:width\" content=\"1769\" \/>\n\t<meta property=\"og:image:height\" content=\"1100\" \/>\n\t<meta property=\"og:image:type\" content=\"image\/jpeg\" \/>\n<meta name=\"author\" content=\"Giulia\" \/>\n<meta name=\"twitter:card\" content=\"summary_large_image\" \/>\n<meta name=\"twitter:label1\" content=\"\u00c9crit par\" \/>\n\t<meta name=\"twitter:data1\" content=\"Giulia\" \/>\n\t<meta name=\"twitter:label2\" content=\"Dur\u00e9e de lecture estim\u00e9e\" \/>\n\t<meta name=\"twitter:data2\" content=\"6 minutes\" \/>\n<script type=\"application\/ld+json\" class=\"yoast-schema-graph\">{\"@context\":\"https:\\\/\\\/schema.org\",\"@graph\":[{\"@type\":\"Article\",\"@id\":\"https:\\\/\\\/www.villadisotto.it\\\/fr\\\/piazza-del-campo-et-environs\\\/#article\",\"isPartOf\":{\"@id\":\"https:\\\/\\\/www.villadisotto.it\\\/fr\\\/piazza-del-campo-et-environs\\\/\"},\"author\":{\"name\":\"Giulia\",\"@id\":\"https:\\\/\\\/www.villadisotto.it\\\/#\\\/schema\\\/person\\\/de6fd4c383fbdf92ac085b86f79f9d70\"},\"headline\":\"Piazza del Campo et environs\",\"datePublished\":\"2020-11-13T15:43:59+00:00\",\"dateModified\":\"2020-12-30T09:38:08+00:00\",\"mainEntityOfPage\":{\"@id\":\"https:\\\/\\\/www.villadisotto.it\\\/fr\\\/piazza-del-campo-et-environs\\\/\"},\"wordCount\":1216,\"image\":{\"@id\":\"https:\\\/\\\/www.villadisotto.it\\\/fr\\\/piazza-del-campo-et-environs\\\/#primaryimage\"},\"thumbnailUrl\":\"https:\\\/\\\/www.villadisotto.it\\\/wp-content\\\/uploads\\\/2020\\\/04\\\/siena-dintorni_itinerari-villa-di-sotto.jpg\",\"articleSection\":[\"La ville de Sienne\"],\"inLanguage\":\"fr-FR\"},{\"@type\":\"WebPage\",\"@id\":\"https:\\\/\\\/www.villadisotto.it\\\/fr\\\/piazza-del-campo-et-environs\\\/\",\"url\":\"https:\\\/\\\/www.villadisotto.it\\\/fr\\\/piazza-del-campo-et-environs\\\/\",\"name\":\"Piazza del Campo et environs - Bed and Breakfast Villa di Sotto\",\"isPartOf\":{\"@id\":\"https:\\\/\\\/www.villadisotto.it\\\/#website\"},\"primaryImageOfPage\":{\"@id\":\"https:\\\/\\\/www.villadisotto.it\\\/fr\\\/piazza-del-campo-et-environs\\\/#primaryimage\"},\"image\":{\"@id\":\"https:\\\/\\\/www.villadisotto.it\\\/fr\\\/piazza-del-campo-et-environs\\\/#primaryimage\"},\"thumbnailUrl\":\"https:\\\/\\\/www.villadisotto.it\\\/wp-content\\\/uploads\\\/2020\\\/04\\\/siena-dintorni_itinerari-villa-di-sotto.jpg\",\"datePublished\":\"2020-11-13T15:43:59+00:00\",\"dateModified\":\"2020-12-30T09:38:08+00:00\",\"author\":{\"@id\":\"https:\\\/\\\/www.villadisotto.it\\\/#\\\/schema\\\/person\\\/de6fd4c383fbdf92ac085b86f79f9d70\"},\"description\":\"Piazza del Campo et environs | Peut-\u00eatre l'environnement urbain m\u00e9di\u00e9val le plus \u00e9vocateur en Italie. Entre le XIIIe et le XIVe si\u00e8cle...\",\"breadcrumb\":{\"@id\":\"https:\\\/\\\/www.villadisotto.it\\\/fr\\\/piazza-del-campo-et-environs\\\/#breadcrumb\"},\"inLanguage\":\"fr-FR\",\"potentialAction\":[{\"@type\":\"ReadAction\",\"target\":[\"https:\\\/\\\/www.villadisotto.it\\\/fr\\\/piazza-del-campo-et-environs\\\/\"]}]},{\"@type\":\"ImageObject\",\"inLanguage\":\"fr-FR\",\"@id\":\"https:\\\/\\\/www.villadisotto.it\\\/fr\\\/piazza-del-campo-et-environs\\\/#primaryimage\",\"url\":\"https:\\\/\\\/www.villadisotto.it\\\/wp-content\\\/uploads\\\/2020\\\/04\\\/siena-dintorni_itinerari-villa-di-sotto.jpg\",\"contentUrl\":\"https:\\\/\\\/www.villadisotto.it\\\/wp-content\\\/uploads\\\/2020\\\/04\\\/siena-dintorni_itinerari-villa-di-sotto.jpg\",\"width\":1769,\"height\":1100,\"caption\":\"La ville de Sienne - Villa di Sotto\"},{\"@type\":\"BreadcrumbList\",\"@id\":\"https:\\\/\\\/www.villadisotto.it\\\/fr\\\/piazza-del-campo-et-environs\\\/#breadcrumb\",\"itemListElement\":[{\"@type\":\"ListItem\",\"position\":1,\"name\":\"Home\",\"item\":\"https:\\\/\\\/www.villadisotto.it\\\/\"},{\"@type\":\"ListItem\",\"position\":2,\"name\":\"Piazza del Campo et environs\"}]},{\"@type\":\"WebSite\",\"@id\":\"https:\\\/\\\/www.villadisotto.it\\\/#website\",\"url\":\"https:\\\/\\\/www.villadisotto.it\\\/\",\"name\":\"Villa di Sotto\",\"description\":\"Il cuore del Chianti\",\"potentialAction\":[{\"@type\":\"SearchAction\",\"target\":{\"@type\":\"EntryPoint\",\"urlTemplate\":\"https:\\\/\\\/www.villadisotto.it\\\/?s={search_term_string}\"},\"query-input\":{\"@type\":\"PropertyValueSpecification\",\"valueRequired\":true,\"valueName\":\"search_term_string\"}}],\"inLanguage\":\"fr-FR\"},{\"@type\":\"Person\",\"@id\":\"https:\\\/\\\/www.villadisotto.it\\\/#\\\/schema\\\/person\\\/de6fd4c383fbdf92ac085b86f79f9d70\",\"name\":\"Giulia\",\"image\":{\"@type\":\"ImageObject\",\"inLanguage\":\"fr-FR\",\"@id\":\"https:\\\/\\\/secure.gravatar.com\\\/avatar\\\/c4c535cf59659e54ef635c590eb25e0648a3a555d17a0fcdbf62384f0c501661?s=96&d=mm&r=g\",\"url\":\"https:\\\/\\\/secure.gravatar.com\\\/avatar\\\/c4c535cf59659e54ef635c590eb25e0648a3a555d17a0fcdbf62384f0c501661?s=96&d=mm&r=g\",\"contentUrl\":\"https:\\\/\\\/secure.gravatar.com\\\/avatar\\\/c4c535cf59659e54ef635c590eb25e0648a3a555d17a0fcdbf62384f0c501661?s=96&d=mm&r=g\",\"caption\":\"Giulia\"},\"sameAs\":[\"http:\\\/\\\/www.villadisotto.it\",\"https:\\\/\\\/www.facebook.com\\\/villadisotto\\\/\",\"https:\\\/\\\/www.instagram.com\\\/villadisotto\\\/\"],\"url\":\"https:\\\/\\\/www.villadisotto.it\\\/fr\\\/author\\\/giulia\\\/\"}]}<\/script>\n<!-- \/ Yoast SEO plugin. -->","yoast_head_json":{"title":"Piazza del Campo et environs - Bed and Breakfast Villa di Sotto","description":"Piazza del Campo et environs | Peut-\u00eatre l'environnement urbain m\u00e9di\u00e9val le plus \u00e9vocateur en Italie. Entre le XIIIe et le XIVe si\u00e8cle...","robots":{"index":"index","follow":"follow","max-snippet":"max-snippet:-1","max-image-preview":"max-image-preview:large","max-video-preview":"max-video-preview:-1"},"canonical":"https:\/\/www.villadisotto.it\/fr\/piazza-del-campo-et-environs\/","og_locale":"fr_FR","og_type":"article","og_title":"Piazza del Campo et environs - Bed and Breakfast Villa di Sotto","og_description":"Piazza del Campo et environs | Peut-\u00eatre l'environnement urbain m\u00e9di\u00e9val le plus \u00e9vocateur en Italie. Entre le XIIIe et le XIVe si\u00e8cle...","og_url":"https:\/\/www.villadisotto.it\/fr\/piazza-del-campo-et-environs\/","og_site_name":"Villa di Sotto","article_author":"https:\/\/www.facebook.com\/villadisotto\/","article_published_time":"2020-11-13T15:43:59+00:00","article_modified_time":"2020-12-30T09:38:08+00:00","og_image":[{"width":1769,"height":1100,"url":"https:\/\/www.villadisotto.it\/wp-content\/uploads\/2020\/04\/siena-dintorni_itinerari-villa-di-sotto.jpg","type":"image\/jpeg"}],"author":"Giulia","twitter_card":"summary_large_image","twitter_misc":{"\u00c9crit par":"Giulia","Dur\u00e9e de lecture estim\u00e9e":"6 minutes"},"schema":{"@context":"https:\/\/schema.org","@graph":[{"@type":"Article","@id":"https:\/\/www.villadisotto.it\/fr\/piazza-del-campo-et-environs\/#article","isPartOf":{"@id":"https:\/\/www.villadisotto.it\/fr\/piazza-del-campo-et-environs\/"},"author":{"name":"Giulia","@id":"https:\/\/www.villadisotto.it\/#\/schema\/person\/de6fd4c383fbdf92ac085b86f79f9d70"},"headline":"Piazza del Campo et environs","datePublished":"2020-11-13T15:43:59+00:00","dateModified":"2020-12-30T09:38:08+00:00","mainEntityOfPage":{"@id":"https:\/\/www.villadisotto.it\/fr\/piazza-del-campo-et-environs\/"},"wordCount":1216,"image":{"@id":"https:\/\/www.villadisotto.it\/fr\/piazza-del-campo-et-environs\/#primaryimage"},"thumbnailUrl":"https:\/\/www.villadisotto.it\/wp-content\/uploads\/2020\/04\/siena-dintorni_itinerari-villa-di-sotto.jpg","articleSection":["La ville de Sienne"],"inLanguage":"fr-FR"},{"@type":"WebPage","@id":"https:\/\/www.villadisotto.it\/fr\/piazza-del-campo-et-environs\/","url":"https:\/\/www.villadisotto.it\/fr\/piazza-del-campo-et-environs\/","name":"Piazza del Campo et environs - Bed and Breakfast Villa di Sotto","isPartOf":{"@id":"https:\/\/www.villadisotto.it\/#website"},"primaryImageOfPage":{"@id":"https:\/\/www.villadisotto.it\/fr\/piazza-del-campo-et-environs\/#primaryimage"},"image":{"@id":"https:\/\/www.villadisotto.it\/fr\/piazza-del-campo-et-environs\/#primaryimage"},"thumbnailUrl":"https:\/\/www.villadisotto.it\/wp-content\/uploads\/2020\/04\/siena-dintorni_itinerari-villa-di-sotto.jpg","datePublished":"2020-11-13T15:43:59+00:00","dateModified":"2020-12-30T09:38:08+00:00","author":{"@id":"https:\/\/www.villadisotto.it\/#\/schema\/person\/de6fd4c383fbdf92ac085b86f79f9d70"},"description":"Piazza del Campo et environs | Peut-\u00eatre l'environnement urbain m\u00e9di\u00e9val le plus \u00e9vocateur en Italie. Entre le XIIIe et le XIVe si\u00e8cle...","breadcrumb":{"@id":"https:\/\/www.villadisotto.it\/fr\/piazza-del-campo-et-environs\/#breadcrumb"},"inLanguage":"fr-FR","potentialAction":[{"@type":"ReadAction","target":["https:\/\/www.villadisotto.it\/fr\/piazza-del-campo-et-environs\/"]}]},{"@type":"ImageObject","inLanguage":"fr-FR","@id":"https:\/\/www.villadisotto.it\/fr\/piazza-del-campo-et-environs\/#primaryimage","url":"https:\/\/www.villadisotto.it\/wp-content\/uploads\/2020\/04\/siena-dintorni_itinerari-villa-di-sotto.jpg","contentUrl":"https:\/\/www.villadisotto.it\/wp-content\/uploads\/2020\/04\/siena-dintorni_itinerari-villa-di-sotto.jpg","width":1769,"height":1100,"caption":"La ville de Sienne - Villa di Sotto"},{"@type":"BreadcrumbList","@id":"https:\/\/www.villadisotto.it\/fr\/piazza-del-campo-et-environs\/#breadcrumb","itemListElement":[{"@type":"ListItem","position":1,"name":"Home","item":"https:\/\/www.villadisotto.it\/"},{"@type":"ListItem","position":2,"name":"Piazza del Campo et environs"}]},{"@type":"WebSite","@id":"https:\/\/www.villadisotto.it\/#website","url":"https:\/\/www.villadisotto.it\/","name":"Villa di Sotto","description":"Il cuore del Chianti","potentialAction":[{"@type":"SearchAction","target":{"@type":"EntryPoint","urlTemplate":"https:\/\/www.villadisotto.it\/?s={search_term_string}"},"query-input":{"@type":"PropertyValueSpecification","valueRequired":true,"valueName":"search_term_string"}}],"inLanguage":"fr-FR"},{"@type":"Person","@id":"https:\/\/www.villadisotto.it\/#\/schema\/person\/de6fd4c383fbdf92ac085b86f79f9d70","name":"Giulia","image":{"@type":"ImageObject","inLanguage":"fr-FR","@id":"https:\/\/secure.gravatar.com\/avatar\/c4c535cf59659e54ef635c590eb25e0648a3a555d17a0fcdbf62384f0c501661?s=96&d=mm&r=g","url":"https:\/\/secure.gravatar.com\/avatar\/c4c535cf59659e54ef635c590eb25e0648a3a555d17a0fcdbf62384f0c501661?s=96&d=mm&r=g","contentUrl":"https:\/\/secure.gravatar.com\/avatar\/c4c535cf59659e54ef635c590eb25e0648a3a555d17a0fcdbf62384f0c501661?s=96&d=mm&r=g","caption":"Giulia"},"sameAs":["http:\/\/www.villadisotto.it","https:\/\/www.facebook.com\/villadisotto\/","https:\/\/www.instagram.com\/villadisotto\/"],"url":"https:\/\/www.villadisotto.it\/fr\/author\/giulia\/"}]}},"_links":{"self":[{"href":"https:\/\/www.villadisotto.it\/fr\/wp-json\/wp\/v2\/posts\/10867","targetHints":{"allow":["GET"]}}],"collection":[{"href":"https:\/\/www.villadisotto.it\/fr\/wp-json\/wp\/v2\/posts"}],"about":[{"href":"https:\/\/www.villadisotto.it\/fr\/wp-json\/wp\/v2\/types\/post"}],"author":[{"embeddable":true,"href":"https:\/\/www.villadisotto.it\/fr\/wp-json\/wp\/v2\/users\/3"}],"replies":[{"embeddable":true,"href":"https:\/\/www.villadisotto.it\/fr\/wp-json\/wp\/v2\/comments?post=10867"}],"version-history":[{"count":14,"href":"https:\/\/www.villadisotto.it\/fr\/wp-json\/wp\/v2\/posts\/10867\/revisions"}],"predecessor-version":[{"id":11930,"href":"https:\/\/www.villadisotto.it\/fr\/wp-json\/wp\/v2\/posts\/10867\/revisions\/11930"}],"wp:featuredmedia":[{"embeddable":true,"href":"https:\/\/www.villadisotto.it\/fr\/wp-json\/wp\/v2\/media\/6812"}],"wp:attachment":[{"href":"https:\/\/www.villadisotto.it\/fr\/wp-json\/wp\/v2\/media?parent=10867"}],"wp:term":[{"taxonomy":"category","embeddable":true,"href":"https:\/\/www.villadisotto.it\/fr\/wp-json\/wp\/v2\/categories?post=10867"},{"taxonomy":"post_tag","embeddable":true,"href":"https:\/\/www.villadisotto.it\/fr\/wp-json\/wp\/v2\/tags?post=10867"}],"curies":[{"name":"wp","href":"https:\/\/api.w.org\/{rel}","templated":true}]}}