{"id":26132,"date":"2024-01-31T15:04:45","date_gmt":"2024-01-31T14:04:45","guid":{"rendered":"https:\/\/www.villadisotto.it\/der-palio-die-contrade\/"},"modified":"2024-01-31T15:51:49","modified_gmt":"2024-01-31T14:51:49","slug":"der-palio-die-contrade","status":"publish","type":"post","link":"https:\/\/www.villadisotto.it\/de\/der-palio-die-contrade\/","title":{"rendered":"Der Palio: die Contrade"},"content":{"rendered":"<p>[et_pb_section fb_built=\"1\" _builder_version=\"4.16\" min_height=\"107.7px\" custom_margin=\"||-34px|||\" custom_padding=\"1px|0px|8px|0px|false|false\" global_colors_info=\"{}\"][et_pb_row _builder_version=\"4.16\" min_height=\"108.8px\" custom_padding=\"27px|0px|34px|0px|false|false\" global_colors_info=\"{}\"][et_pb_column type=\"4_4\" _builder_version=\"4.16\" custom_padding=\"|||\" global_colors_info=\"{}\" custom_padding__hover=\"|||\"][et_pb_text _builder_version=\"4.24.0\" header_font=\"Petit Formal Script|700|||||||\" header_line_height=\"1.5em\" header_2_font=\"Petit Formal Script|700|||||||\" header_font_size_tablet=\"\" header_font_size_phone=\"25px\" header_font_size_last_edited=\"on|phone\" global_colors_info=\"{}\"]<\/p>\n<h2 style=\"text-align: center;\">Der Palio: die Contrade<\/h2>\n<p style=\"text-align: center;\"><strong>Geschichte einer Tradition<\/strong><strong><\/strong><\/p>\n<p>[\/et_pb_text][\/et_pb_column][\/et_pb_row][\/et_pb_section][et_pb_section fb_built=\"1\" _builder_version=\"4.16\" custom_padding=\"15px|0px|30px|0px|false|false\" global_colors_info=\"{}\"][et_pb_row use_custom_gutter=\"on\" gutter_width=\"2\" padding_top_bottom_link_1=\"true\" _builder_version=\"4.16\" background_size=\"initial\" background_position=\"top_left\" background_repeat=\"repeat\" module_alignment=\"center\" custom_padding=\"0|0px|0|0px|false|false\" custom_width_px=\"1494px\" global_colors_info=\"{}\"][et_pb_column type=\"4_4\" _builder_version=\"4.16\" custom_padding=\"|||\" global_colors_info=\"{}\" custom_padding__hover=\"|||\"][et_pb_text _builder_version=\"4.24.0\" background_size=\"initial\" background_position=\"top_left\" background_repeat=\"repeat\" global_colors_info=\"{}\"]<\/p>\n<p><span style=\"font-weight: 400;\">Bereits im 11. Jahrhundert versammelte sich die Bev\u00f6lkerung in den Kirchen und Stadtkapellen, um Themen von gemeinsamem Interesse zu besprechen. <\/span><\/p>\n<p><span style=\"font-weight: 400;\">Dieser Brauch f\u00fchrte in Siena zur Bildung von Stadtteilen, die den Namen <strong>Contrade<\/strong> trugen. Diese stellten eine Gebietsk\u00f6rperschaft mit eigener Rechtspers\u00f6nlichkeit, Verwaltungsbefugnissen und der F\u00e4higkeit dar, Eigentum zu besitzen und die Regeln des gemeinsamen Lebens der Bev\u00f6lkerung innerhalb ihrer Grenzen zu regeln. Die Kompanie hingegen war nur ein Teil der allgemeinen milit\u00e4rischen Organisation der Gemeinde, ohne Rechtsf\u00e4higkeit und ohne Entscheidungsbefugnis. <\/span><\/p>\n<p><span style=\"font-weight: 400;\">Heute haben die Contrade die meisten ihrer urspr\u00fcnglichen Funktionen verloren, doch scheinen sie die wahre Fortsetzung der alten zu sein, da sie ihre Verfassung fast unver\u00e4ndert beibehalten haben. Stattdessen werden die Compagnie jetzt von den Comparse\" vertreten, die bei Palio- und Repr\u00e4sentationsveranstaltungen nur eine begrenzte Funktion haben.<\/span><\/p>\n<p><span style=\"font-weight: 400;\">Zwischen dem 15. und 16. Jahrhundert vervollst\u00e4ndigten die Contrade ihr mythologisches Bestiarium, aus dem sie ihr <strong>Wappen<\/strong> ableiteten. In Ermangelung diesbez\u00fcglicher Dokumente und Aufzeichnungen kann davon ausgegangen werden, dass die Contrade das darzustellende Tier aus dem Repertoire der damaligen festlichen Heraldik ausw\u00e4hlte und dabei Anhaltspunkte und Symbole aus den Wappen von Herrschern und Adelsfamilien, Verm\u00f6gensgesellschaften, Kunsthandwerkern, St\u00e4dten und Gemeinden entnahm. In der Mitte des 16. Jahrhunderts waren die Symbole der Contrade bereits die heutigen, w\u00e4hrend die Farben im Laufe der Zeit weiter ver\u00e4ndert wurden. <\/span><\/p>\n<p><span style=\"font-weight: 400;\">Von den vielen urspr\u00fcnglich existierenden Contrade wurden die Anzahl und die Grenzen der heutigen Contrade schlie\u00dflich 1729 festgelegt. <\/span><\/p>\n<p><span style=\"font-weight: 400;\">So verlie\u00df die folgende Contrade die Szene: il Leone, la Vipera, il Gallo, la Quercia, l'Orso e la Spadaforte. Noch heute ziehen ihre Ritter mit gesenktem Wappen durch den historischen Umzug und zeugen von den alten Aktivit\u00e4ten, die es heute nicht mehr gibt.<\/span><\/p>\n<p><span style=\"font-weight: 400;\">Dank der klar gezogenen Grenzen konnten die Contrade ihre eigenen Verordnungen erlassen, die das Zusammenleben innerhalb der Contrade regelten. <\/span><\/p>\n<p><span style=\"font-weight: 400;\">Urspr\u00fcnglich feierten die meisten Contrade Feste und hielten ihre Versammlungen in der Pfarrkirche oder im Oratorium einer Laiengesellschaft ab, wobei sie oft in Konflikt mit den Pfarrern oder Br\u00fcdern der Compagnie gerieten. In der Zwischenzeit meldeten sich die Contrade, die keinen eigenen Sitz hatten, und baten darum, bestimmte Pfarreien und Bruderschaften \u00fcbernehmen zu d\u00fcrfen, die durch eine Ma\u00dfnahme des Gro\u00dfherzogs Peter Leopold I. von Lothringen aufgehoben worden waren.<\/span><\/p>\n<p><span style=\"font-weight: 400;\">Die pr\u00e4chtigen R\u00e4umlichkeiten, die noch heute der Stolz jeder Contrada sind, verdanken ihr \u00dcberleben also dem Gro\u00dfherzog durch ihre erneute Funktion als Sammelbecken f\u00fcr Erinnerungen, Einrichtungsgegenst\u00e4nde und Kunstobjekte.<\/span><\/p>\n<p>[\/et_pb_text][et_pb_button button_url=\"https:\/\/www.villadisotto.it\/wp-content\/uploads\/2024\/01\/Der_Palio_die_contrade.pdf\" button_text=\"PDF herunterladen\" button_alignment=\"center\" _builder_version=\"4.24.0\" custom_button=\"on\" button_text_color=\"#d3b14c\" button_bg_color=\"#ffffff\" button_border_color=\"#d3b14c\" button_icon=\"&#x35;||divi||400\" background_layout=\"dark\" hover_enabled=\"0\" locked=\"off\" global_colors_info=\"{}\" sticky_enabled=\"0\"][\/et_pb_button][\/et_pb_column][\/et_pb_row][\/et_pb_section][et_pb_section fb_built=\"1\" _builder_version=\"4.16\" _module_preset=\"default\" background_color=\"#f7f7f7\" custom_padding=\"20px||20px||true|false\" border_radii=\"off||||\" box_shadow_style=\"preset4\" box_shadow_horizontal=\"-10px\" box_shadow_color=\"rgba(12,88,41,0.34)\" locked=\"off\" global_colors_info=\"{}\"][et_pb_row _builder_version=\"4.16\" _module_preset=\"default\" global_colors_info=\"{}\"][et_pb_column type=\"4_4\" _builder_version=\"4.16\" _module_preset=\"default\" global_colors_info=\"{}\"][et_pb_text _builder_version=\"4.24.0\" _module_preset=\"default\" header_text_align=\"center\" header_3_font=\"Petit Formal Script|700|||||||\" header_3_text_align=\"center\" global_colors_info=\"{}\"]<\/p>\n<h3>Hier sind die siebzehn Contrade von Siena<\/h3>\n<p>[\/et_pb_text][et_pb_divider color=\"rgba(11,94,0,0.62)\" _builder_version=\"4.16\" _module_preset=\"default\" global_colors_info=\"{}\"][\/et_pb_divider][\/et_pb_column][\/et_pb_row][et_pb_row column_structure=\"1_3,1_3,1_3\" _builder_version=\"4.16\" _module_preset=\"default\" custom_margin=\"-30px|auto|30px|auto|false|false\" global_colors_info=\"{}\"][et_pb_column type=\"1_3\" _builder_version=\"4.16\" _module_preset=\"default\" global_colors_info=\"{}\"][et_pb_blurb use_icon=\"on\" font_icon=\"&#xe031;||divi||400\" image_icon_width=\"25px\" _builder_version=\"4.24.0\" _module_preset=\"default\" body_text_align=\"center\" body_font_size=\"18px\" icon_font_size=\"25px\" global_colors_info=\"{}\"]<\/p>\n<p>TERZO DI CITT<span>\u00c0<\/span><\/p>\n<p>Aquila, Chiocciola, Onda, Pantera, Selva, Tartuca<\/p>\n<p>[\/et_pb_blurb][\/et_pb_column][et_pb_column type=\"1_3\" _builder_version=\"4.16\" _module_preset=\"default\" global_colors_info=\"{}\"][et_pb_blurb use_icon=\"on\" font_icon=\"&#xe031;||divi||400\" image_icon_width=\"25px\" _builder_version=\"4.24.0\" _module_preset=\"default\" body_text_align=\"center\" body_font_size=\"18px\" icon_font_size=\"25px\" global_colors_info=\"{}\"]<\/p>\n<p>TERZO DI SAN MARTINO<\/p>\n<p>Civetta, Leocorno, Nicchio, Torre, Valdimontone<\/p>\n<p>[\/et_pb_blurb][\/et_pb_column][et_pb_column type=\"1_3\" _builder_version=\"4.16\" _module_preset=\"default\" global_colors_info=\"{}\"][et_pb_blurb use_icon=\"on\" font_icon=\"&#xe031;||divi||400\" image_icon_width=\"25px\" _builder_version=\"4.24.0\" _module_preset=\"default\" body_text_align=\"center\" body_font_size=\"18px\" icon_font_size=\"25px\" global_colors_info=\"{}\"]<\/p>\n<p>TERZO DI CAMOLLIA<\/p>\n<p>Bruco, Drago, Giraffa, Istrice, Lupa, Oca<\/p>\n<p>[\/et_pb_blurb][\/et_pb_column][\/et_pb_row][\/et_pb_section][et_pb_section fb_built=\"1\" _builder_version=\"4.16\" custom_padding=\"0px||0px|||\" global_colors_info=\"{}\"][et_pb_row _builder_version=\"4.16\" custom_padding=\"0px||0px|||\" global_colors_info=\"{}\"][et_pb_column type=\"4_4\" _builder_version=\"4.16\" global_colors_info=\"{}\"][\/et_pb_column][\/et_pb_row][\/et_pb_section][et_pb_section fb_built=\"1\" _builder_version=\"4.16\" custom_padding=\"||12px|||\" locked=\"off\" global_colors_info=\"{}\"][et_pb_row _builder_version=\"4.16\" global_colors_info=\"{}\"][et_pb_column type=\"4_4\" _builder_version=\"4.16\" global_colors_info=\"{}\"][et_pb_text _builder_version=\"4.24.0\" text_orientation=\"center\" min_height=\"529.1px\" global_colors_info=\"{}\"]<iframe src=\"https:\/\/www.google.com\/maps\/embed?pb=!1m28!1m12!1m3!1d92853.53091219654!2d11.337503142524962!3d43.34203462305535!2m3!1f0!2f0!3f0!3m2!1i1024!2i768!4f13.1!4m13!3e6!4m5!1s0x132a2cb9f1439513%3A0x46ab39303192025a!2sPiazza%20del%20Campo%2C%20Il%20Campo%2C%20Siena%2C%20SI!3m2!1d43.318420499999995!2d11.331691099999999!4m5!1s0x132bcfb5562d131f%3A0xe86612684d6fa43b!2sVilla%20Di%20Sotto%2C%20Villa%20Di%20Sotto%2C%20Via%20di%20Santa%20Caterina%2C%20Villa%20A%20Sesta%2C%20SI!3m2!1d43.3842405!2d11.479857599999999!5e0!3m2!1sit!2sit!4v1706546908309!5m2!1sit!2sit\" width=\"1500\" height=\"450\" style=\"border:0;\" allowfullscreen=\"\" loading=\"lazy\" referrerpolicy=\"no-referrer-when-downgrade\"><\/iframe>[\/et_pb_text][et_pb_text _builder_version=\"4.16\" header_2_font=\"Petit Formal Script|700|||||||\" global_colors_info=\"{}\"]<\/p>\n<h2>Entdecken Sie das Chianti mit seinen Schl\u00f6ssern...<\/h2>\n<p>[\/et_pb_text][et_pb_blog fullwidth=\"off\" posts_number=\"3\" include_categories=\"61\" use_manual_excerpt=\"off\" show_author=\"off\" show_date=\"off\" show_categories=\"off\" show_excerpt=\"off\" offset_number=\"3\" _builder_version=\"4.24.0\" header_font=\"|600|on||||||\" header_text_align=\"center\" pagination_font_size=\"18px\" global_colors_info=\"{}\"][\/et_pb_blog][\/et_pb_column][\/et_pb_row][\/et_pb_section]<\/p>\n","protected":false},"excerpt":{"rendered":"<p>Der Palio: die Contrade Geschichte einer TraditionBereits im 11. Jahrhundert versammelte sich die Bev\u00f6lkerung in den Kirchen und Stadtkapellen, um Themen von gemeinsamem Interesse zu besprechen. Dieser Brauch f\u00fchrte in Siena zur Bildung von Stadtteilen, die den Namen Contrade trugen. Diese stellten eine Gebietsk\u00f6rperschaft mit eigener Rechtspers\u00f6nlichkeit, Verwaltungsbefugnissen und der F\u00e4higkeit dar, Eigentum zu besitzen [&hellip;]<\/p>\n","protected":false},"author":3,"featured_media":26022,"comment_status":"closed","ping_status":"closed","sticky":false,"template":"","format":"standard","meta":{"_et_pb_use_builder":"on","_et_pb_old_content":"","_et_gb_content_width":"","footnotes":""},"categories":[64],"tags":[],"class_list":["post-26132","post","type-post","status-publish","format-standard","has-post-thumbnail","hentry","category-stadt-siena"],"yoast_head":"<!-- This site is optimized with the Yoast SEO plugin v27.4 - https:\/\/yoast.com\/product\/yoast-seo-wordpress\/ -->\n<title>Der Palio: die Contrade - Bed and Breakfast Villa di Sotto<\/title>\n<meta name=\"description\" content=\"Der Palio: die Contrade | Bereits im 11. Jahrhundert versammelte sich die Bev\u00f6lkerung in den Kirchen und Stadtkapellen...\" \/>\n<meta name=\"robots\" content=\"index, follow, max-snippet:-1, max-image-preview:large, max-video-preview:-1\" \/>\n<link rel=\"canonical\" href=\"https:\/\/www.villadisotto.it\/de\/der-palio-die-contrade\/\" \/>\n<meta property=\"og:locale\" content=\"de_DE\" \/>\n<meta property=\"og:type\" content=\"article\" \/>\n<meta property=\"og:title\" content=\"Der Palio: die Contrade - Bed and Breakfast Villa di Sotto\" \/>\n<meta property=\"og:description\" content=\"Der Palio: die Contrade | Bereits im 11. Jahrhundert versammelte sich die Bev\u00f6lkerung in den Kirchen und Stadtkapellen...\" \/>\n<meta property=\"og:url\" content=\"https:\/\/www.villadisotto.it\/de\/der-palio-die-contrade\/\" \/>\n<meta property=\"og:site_name\" content=\"Villa di Sotto\" \/>\n<meta property=\"article:author\" content=\"https:\/\/www.facebook.com\/villadisotto\/\" \/>\n<meta property=\"article:published_time\" content=\"2024-01-31T14:04:45+00:00\" \/>\n<meta property=\"article:modified_time\" content=\"2024-01-31T14:51:49+00:00\" \/>\n<meta property=\"og:image\" content=\"https:\/\/www.villadisotto.it\/wp-content\/uploads\/2024\/01\/ilpaliodisienalecontrade.jpg\" \/>\n\t<meta property=\"og:image:width\" content=\"960\" \/>\n\t<meta property=\"og:image:height\" content=\"640\" \/>\n\t<meta property=\"og:image:type\" content=\"image\/jpeg\" \/>\n<meta name=\"author\" content=\"Giulia\" \/>\n<meta name=\"twitter:card\" content=\"summary_large_image\" \/>\n<meta name=\"twitter:label1\" content=\"Verfasst von\" \/>\n\t<meta name=\"twitter:data1\" content=\"Giulia\" \/>\n\t<meta name=\"twitter:label2\" content=\"Gesch\u00e4tzte Lesezeit\" \/>\n\t<meta name=\"twitter:data2\" content=\"4\u00a0Minuten\" \/>\n<script type=\"application\/ld+json\" class=\"yoast-schema-graph\">{\"@context\":\"https:\\\/\\\/schema.org\",\"@graph\":[{\"@type\":\"Article\",\"@id\":\"https:\\\/\\\/www.villadisotto.it\\\/de\\\/der-palio-die-contrade\\\/#article\",\"isPartOf\":{\"@id\":\"https:\\\/\\\/www.villadisotto.it\\\/de\\\/der-palio-die-contrade\\\/\"},\"author\":{\"name\":\"Giulia\",\"@id\":\"https:\\\/\\\/www.villadisotto.it\\\/#\\\/schema\\\/person\\\/de6fd4c383fbdf92ac085b86f79f9d70\"},\"headline\":\"Der Palio: die Contrade\",\"datePublished\":\"2024-01-31T14:04:45+00:00\",\"dateModified\":\"2024-01-31T14:51:49+00:00\",\"mainEntityOfPage\":{\"@id\":\"https:\\\/\\\/www.villadisotto.it\\\/de\\\/der-palio-die-contrade\\\/\"},\"wordCount\":1204,\"image\":{\"@id\":\"https:\\\/\\\/www.villadisotto.it\\\/de\\\/der-palio-die-contrade\\\/#primaryimage\"},\"thumbnailUrl\":\"https:\\\/\\\/www.villadisotto.it\\\/wp-content\\\/uploads\\\/2024\\\/01\\\/ilpaliodisienalecontrade.jpg\",\"articleSection\":[\"Stadt Siena\"],\"inLanguage\":\"de\"},{\"@type\":\"WebPage\",\"@id\":\"https:\\\/\\\/www.villadisotto.it\\\/de\\\/der-palio-die-contrade\\\/\",\"url\":\"https:\\\/\\\/www.villadisotto.it\\\/de\\\/der-palio-die-contrade\\\/\",\"name\":\"Der Palio: die Contrade - Bed and Breakfast Villa di Sotto\",\"isPartOf\":{\"@id\":\"https:\\\/\\\/www.villadisotto.it\\\/#website\"},\"primaryImageOfPage\":{\"@id\":\"https:\\\/\\\/www.villadisotto.it\\\/de\\\/der-palio-die-contrade\\\/#primaryimage\"},\"image\":{\"@id\":\"https:\\\/\\\/www.villadisotto.it\\\/de\\\/der-palio-die-contrade\\\/#primaryimage\"},\"thumbnailUrl\":\"https:\\\/\\\/www.villadisotto.it\\\/wp-content\\\/uploads\\\/2024\\\/01\\\/ilpaliodisienalecontrade.jpg\",\"datePublished\":\"2024-01-31T14:04:45+00:00\",\"dateModified\":\"2024-01-31T14:51:49+00:00\",\"author\":{\"@id\":\"https:\\\/\\\/www.villadisotto.it\\\/#\\\/schema\\\/person\\\/de6fd4c383fbdf92ac085b86f79f9d70\"},\"description\":\"Der Palio: die Contrade | Bereits im 11. Jahrhundert versammelte sich die Bev\u00f6lkerung in den Kirchen und Stadtkapellen...\",\"breadcrumb\":{\"@id\":\"https:\\\/\\\/www.villadisotto.it\\\/de\\\/der-palio-die-contrade\\\/#breadcrumb\"},\"inLanguage\":\"de\",\"potentialAction\":[{\"@type\":\"ReadAction\",\"target\":[\"https:\\\/\\\/www.villadisotto.it\\\/de\\\/der-palio-die-contrade\\\/\"]}]},{\"@type\":\"ImageObject\",\"inLanguage\":\"de\",\"@id\":\"https:\\\/\\\/www.villadisotto.it\\\/de\\\/der-palio-die-contrade\\\/#primaryimage\",\"url\":\"https:\\\/\\\/www.villadisotto.it\\\/wp-content\\\/uploads\\\/2024\\\/01\\\/ilpaliodisienalecontrade.jpg\",\"contentUrl\":\"https:\\\/\\\/www.villadisotto.it\\\/wp-content\\\/uploads\\\/2024\\\/01\\\/ilpaliodisienalecontrade.jpg\",\"width\":960,\"height\":640},{\"@type\":\"BreadcrumbList\",\"@id\":\"https:\\\/\\\/www.villadisotto.it\\\/de\\\/der-palio-die-contrade\\\/#breadcrumb\",\"itemListElement\":[{\"@type\":\"ListItem\",\"position\":1,\"name\":\"Home\",\"item\":\"https:\\\/\\\/www.villadisotto.it\\\/\"},{\"@type\":\"ListItem\",\"position\":2,\"name\":\"Der Palio: die Contrade\"}]},{\"@type\":\"WebSite\",\"@id\":\"https:\\\/\\\/www.villadisotto.it\\\/#website\",\"url\":\"https:\\\/\\\/www.villadisotto.it\\\/\",\"name\":\"Villa di Sotto\",\"description\":\"Il cuore del Chianti\",\"potentialAction\":[{\"@type\":\"SearchAction\",\"target\":{\"@type\":\"EntryPoint\",\"urlTemplate\":\"https:\\\/\\\/www.villadisotto.it\\\/?s={search_term_string}\"},\"query-input\":{\"@type\":\"PropertyValueSpecification\",\"valueRequired\":true,\"valueName\":\"search_term_string\"}}],\"inLanguage\":\"de\"},{\"@type\":\"Person\",\"@id\":\"https:\\\/\\\/www.villadisotto.it\\\/#\\\/schema\\\/person\\\/de6fd4c383fbdf92ac085b86f79f9d70\",\"name\":\"Giulia\",\"image\":{\"@type\":\"ImageObject\",\"inLanguage\":\"de\",\"@id\":\"https:\\\/\\\/secure.gravatar.com\\\/avatar\\\/c4c535cf59659e54ef635c590eb25e0648a3a555d17a0fcdbf62384f0c501661?s=96&d=mm&r=g\",\"url\":\"https:\\\/\\\/secure.gravatar.com\\\/avatar\\\/c4c535cf59659e54ef635c590eb25e0648a3a555d17a0fcdbf62384f0c501661?s=96&d=mm&r=g\",\"contentUrl\":\"https:\\\/\\\/secure.gravatar.com\\\/avatar\\\/c4c535cf59659e54ef635c590eb25e0648a3a555d17a0fcdbf62384f0c501661?s=96&d=mm&r=g\",\"caption\":\"Giulia\"},\"sameAs\":[\"http:\\\/\\\/www.villadisotto.it\",\"https:\\\/\\\/www.facebook.com\\\/villadisotto\\\/\",\"https:\\\/\\\/www.instagram.com\\\/villadisotto\\\/\"],\"url\":\"https:\\\/\\\/www.villadisotto.it\\\/de\\\/author\\\/giulia\\\/\"}]}<\/script>\n<!-- \/ Yoast SEO plugin. -->","yoast_head_json":{"title":"Der Palio: die Contrade - Bed and Breakfast Villa di Sotto","description":"Der Palio: die Contrade | Bereits im 11. Jahrhundert versammelte sich die Bev\u00f6lkerung in den Kirchen und Stadtkapellen...","robots":{"index":"index","follow":"follow","max-snippet":"max-snippet:-1","max-image-preview":"max-image-preview:large","max-video-preview":"max-video-preview:-1"},"canonical":"https:\/\/www.villadisotto.it\/de\/der-palio-die-contrade\/","og_locale":"de_DE","og_type":"article","og_title":"Der Palio: die Contrade - Bed and Breakfast Villa di Sotto","og_description":"Der Palio: die Contrade | Bereits im 11. Jahrhundert versammelte sich die Bev\u00f6lkerung in den Kirchen und Stadtkapellen...","og_url":"https:\/\/www.villadisotto.it\/de\/der-palio-die-contrade\/","og_site_name":"Villa di Sotto","article_author":"https:\/\/www.facebook.com\/villadisotto\/","article_published_time":"2024-01-31T14:04:45+00:00","article_modified_time":"2024-01-31T14:51:49+00:00","og_image":[{"width":960,"height":640,"url":"https:\/\/www.villadisotto.it\/wp-content\/uploads\/2024\/01\/ilpaliodisienalecontrade.jpg","type":"image\/jpeg"}],"author":"Giulia","twitter_card":"summary_large_image","twitter_misc":{"Verfasst von":"Giulia","Gesch\u00e4tzte Lesezeit":"4\u00a0Minuten"},"schema":{"@context":"https:\/\/schema.org","@graph":[{"@type":"Article","@id":"https:\/\/www.villadisotto.it\/de\/der-palio-die-contrade\/#article","isPartOf":{"@id":"https:\/\/www.villadisotto.it\/de\/der-palio-die-contrade\/"},"author":{"name":"Giulia","@id":"https:\/\/www.villadisotto.it\/#\/schema\/person\/de6fd4c383fbdf92ac085b86f79f9d70"},"headline":"Der Palio: die Contrade","datePublished":"2024-01-31T14:04:45+00:00","dateModified":"2024-01-31T14:51:49+00:00","mainEntityOfPage":{"@id":"https:\/\/www.villadisotto.it\/de\/der-palio-die-contrade\/"},"wordCount":1204,"image":{"@id":"https:\/\/www.villadisotto.it\/de\/der-palio-die-contrade\/#primaryimage"},"thumbnailUrl":"https:\/\/www.villadisotto.it\/wp-content\/uploads\/2024\/01\/ilpaliodisienalecontrade.jpg","articleSection":["Stadt Siena"],"inLanguage":"de"},{"@type":"WebPage","@id":"https:\/\/www.villadisotto.it\/de\/der-palio-die-contrade\/","url":"https:\/\/www.villadisotto.it\/de\/der-palio-die-contrade\/","name":"Der Palio: die Contrade - Bed and Breakfast Villa di Sotto","isPartOf":{"@id":"https:\/\/www.villadisotto.it\/#website"},"primaryImageOfPage":{"@id":"https:\/\/www.villadisotto.it\/de\/der-palio-die-contrade\/#primaryimage"},"image":{"@id":"https:\/\/www.villadisotto.it\/de\/der-palio-die-contrade\/#primaryimage"},"thumbnailUrl":"https:\/\/www.villadisotto.it\/wp-content\/uploads\/2024\/01\/ilpaliodisienalecontrade.jpg","datePublished":"2024-01-31T14:04:45+00:00","dateModified":"2024-01-31T14:51:49+00:00","author":{"@id":"https:\/\/www.villadisotto.it\/#\/schema\/person\/de6fd4c383fbdf92ac085b86f79f9d70"},"description":"Der Palio: die Contrade | Bereits im 11. Jahrhundert versammelte sich die Bev\u00f6lkerung in den Kirchen und Stadtkapellen...","breadcrumb":{"@id":"https:\/\/www.villadisotto.it\/de\/der-palio-die-contrade\/#breadcrumb"},"inLanguage":"de","potentialAction":[{"@type":"ReadAction","target":["https:\/\/www.villadisotto.it\/de\/der-palio-die-contrade\/"]}]},{"@type":"ImageObject","inLanguage":"de","@id":"https:\/\/www.villadisotto.it\/de\/der-palio-die-contrade\/#primaryimage","url":"https:\/\/www.villadisotto.it\/wp-content\/uploads\/2024\/01\/ilpaliodisienalecontrade.jpg","contentUrl":"https:\/\/www.villadisotto.it\/wp-content\/uploads\/2024\/01\/ilpaliodisienalecontrade.jpg","width":960,"height":640},{"@type":"BreadcrumbList","@id":"https:\/\/www.villadisotto.it\/de\/der-palio-die-contrade\/#breadcrumb","itemListElement":[{"@type":"ListItem","position":1,"name":"Home","item":"https:\/\/www.villadisotto.it\/"},{"@type":"ListItem","position":2,"name":"Der Palio: die Contrade"}]},{"@type":"WebSite","@id":"https:\/\/www.villadisotto.it\/#website","url":"https:\/\/www.villadisotto.it\/","name":"Villa di Sotto","description":"Il cuore del Chianti","potentialAction":[{"@type":"SearchAction","target":{"@type":"EntryPoint","urlTemplate":"https:\/\/www.villadisotto.it\/?s={search_term_string}"},"query-input":{"@type":"PropertyValueSpecification","valueRequired":true,"valueName":"search_term_string"}}],"inLanguage":"de"},{"@type":"Person","@id":"https:\/\/www.villadisotto.it\/#\/schema\/person\/de6fd4c383fbdf92ac085b86f79f9d70","name":"Giulia","image":{"@type":"ImageObject","inLanguage":"de","@id":"https:\/\/secure.gravatar.com\/avatar\/c4c535cf59659e54ef635c590eb25e0648a3a555d17a0fcdbf62384f0c501661?s=96&d=mm&r=g","url":"https:\/\/secure.gravatar.com\/avatar\/c4c535cf59659e54ef635c590eb25e0648a3a555d17a0fcdbf62384f0c501661?s=96&d=mm&r=g","contentUrl":"https:\/\/secure.gravatar.com\/avatar\/c4c535cf59659e54ef635c590eb25e0648a3a555d17a0fcdbf62384f0c501661?s=96&d=mm&r=g","caption":"Giulia"},"sameAs":["http:\/\/www.villadisotto.it","https:\/\/www.facebook.com\/villadisotto\/","https:\/\/www.instagram.com\/villadisotto\/"],"url":"https:\/\/www.villadisotto.it\/de\/author\/giulia\/"}]}},"_links":{"self":[{"href":"https:\/\/www.villadisotto.it\/de\/wp-json\/wp\/v2\/posts\/26132","targetHints":{"allow":["GET"]}}],"collection":[{"href":"https:\/\/www.villadisotto.it\/de\/wp-json\/wp\/v2\/posts"}],"about":[{"href":"https:\/\/www.villadisotto.it\/de\/wp-json\/wp\/v2\/types\/post"}],"author":[{"embeddable":true,"href":"https:\/\/www.villadisotto.it\/de\/wp-json\/wp\/v2\/users\/3"}],"replies":[{"embeddable":true,"href":"https:\/\/www.villadisotto.it\/de\/wp-json\/wp\/v2\/comments?post=26132"}],"version-history":[{"count":6,"href":"https:\/\/www.villadisotto.it\/de\/wp-json\/wp\/v2\/posts\/26132\/revisions"}],"predecessor-version":[{"id":26197,"href":"https:\/\/www.villadisotto.it\/de\/wp-json\/wp\/v2\/posts\/26132\/revisions\/26197"}],"wp:featuredmedia":[{"embeddable":true,"href":"https:\/\/www.villadisotto.it\/de\/wp-json\/wp\/v2\/media\/26022"}],"wp:attachment":[{"href":"https:\/\/www.villadisotto.it\/de\/wp-json\/wp\/v2\/media?parent=26132"}],"wp:term":[{"taxonomy":"category","embeddable":true,"href":"https:\/\/www.villadisotto.it\/de\/wp-json\/wp\/v2\/categories?post=26132"},{"taxonomy":"post_tag","embeddable":true,"href":"https:\/\/www.villadisotto.it\/de\/wp-json\/wp\/v2\/tags?post=26132"}],"curies":[{"name":"wp","href":"https:\/\/api.w.org\/{rel}","templated":true}]}}