{"id":26129,"date":"2024-01-31T14:58:32","date_gmt":"2024-01-31T13:58:32","guid":{"rendered":"https:\/\/www.villadisotto.it\/der-palio-die-geschichte\/"},"modified":"2024-01-31T15:53:24","modified_gmt":"2024-01-31T14:53:24","slug":"der-palio-die-geschichte","status":"publish","type":"post","link":"https:\/\/www.villadisotto.it\/de\/der-palio-die-geschichte\/","title":{"rendered":"Der Palio: die Geschichte"},"content":{"rendered":"<p>[et_pb_section fb_built=\"1\" _builder_version=\"4.16\" min_height=\"12.7px\" custom_padding=\"27px|0px|8px|0px|false|false\" global_colors_info=\"{}\"][et_pb_row _builder_version=\"4.16\" custom_padding=\"27px|0px|34px|0px|false|false\" global_colors_info=\"{}\"][et_pb_column type=\"4_4\" _builder_version=\"4.16\" custom_padding=\"|||\" global_colors_info=\"{}\" custom_padding__hover=\"|||\"][et_pb_text _builder_version=\"4.24.0\" header_font=\"Petit Formal Script|700|||||||\" header_line_height=\"1.5em\" header_2_font=\"Petit Formal Script|700|||||||\" header_font_size_tablet=\"\" header_font_size_phone=\"25px\" header_font_size_last_edited=\"on|phone\" global_colors_info=\"{}\"]<\/p>\n<h2 style=\"text-align: center;\">Der Palio: die Geschichte<\/h2>\n<p style=\"text-align: center;\"><strong>Nel Campo di Siena <\/strong><\/p>\n<p>[\/et_pb_text][\/et_pb_column][\/et_pb_row][\/et_pb_section][et_pb_section fb_built=\"1\" _builder_version=\"4.16\" custom_padding=\"15px|0px|30px|0px|false|false\" global_colors_info=\"{}\"][et_pb_row use_custom_gutter=\"on\" gutter_width=\"2\" padding_top_bottom_link_1=\"true\" _builder_version=\"4.16\" background_size=\"initial\" background_position=\"top_left\" background_repeat=\"repeat\" module_alignment=\"center\" custom_padding=\"0|0px|0|0px|false|false\" custom_width_px=\"1494px\" global_colors_info=\"{}\"][et_pb_column type=\"4_4\" _builder_version=\"4.16\" custom_padding=\"|||\" global_colors_info=\"{}\" custom_padding__hover=\"|||\"][et_pb_text _builder_version=\"4.24.0\" background_size=\"initial\" background_position=\"top_left\" background_repeat=\"repeat\" global_colors_info=\"{}\"]<\/p>\n<p><span style=\"font-weight: 400;\">Der <strong>Palio di Siena<\/strong> ist das Ritual einer Stadt und das historische Ged\u00e4chtnis einer Zivilisation, deren <strong>Geschichte und Tradition<\/strong> er <strong>zweimal im Jahr<\/strong> (am 2. Juli und am 16. August) in Erinnerung ruft.<\/span><\/p>\n<p><span style=\"font-weight: 400;\">Siena war eine etruskische Stadt, die gut mit den gro\u00dfen Zentren Etruriens verbunden war, und einige haben auf faszinierende Analogien des fr\u00fchen Palios mit den Reiterspielen der Griechen und sp\u00e4ter der Etrusker hingewiesen.<\/span><\/p>\n<p><span style=\"font-weight: 400;\">Zu den Ereignissen, die im Mittelalter am h\u00e4ufigsten die Feiern zu Ehren der Schutzheiligen begleiteten oder die Feierlichkeiten kr\u00f6nten, geh\u00f6rten Pferderennen, die <strong>entweder von Jockeys<\/strong> geritten oder gesch\u00fcttelt wurden. <\/span><\/p>\n<p><span style=\"font-weight: 400;\">Der Preis f\u00fcr den Sieger war ein <strong>Gonfalon aus kostbarem Stoff<\/strong>, der mit dem lateinischen Namen \"pallium\" bezeichnet wurde, woraus sich vermutlich die Bezeichnung Palio-Rennen entwickelte. <\/span><\/p>\n<p><span style=\"font-weight: 400;\">Der Palio als Fest war nicht ausschlie\u00dflich eine sienesische Veranstaltung. Man denke nur an das florentinische calcio storico, das pisanische giuoco del ponte und das giostra del Saracino in Arezzo, um in der Toskana zu bleiben. Der Palio wurde auch andernorts ausgetragen, aber nur in Siena hat er die turbulenten Ereignisse der Stadtgeschichte \u00fcberstanden, und zwar in einer noch feierlicheren und pr\u00e4chtigeren Form, bis er in den letzten Jahren zum <strong>lebendigsten Ausdruck der Seele der Stadt<\/strong> geworden ist.<\/span><\/p>\n<p><span style=\"font-weight: 400;\">Urspr\u00fcnglich war der Palio eng mit einer Zeremonie verbunden, in der die Souver\u00e4nit\u00e4t von Siena best\u00e4tigt wurde. Er war kein eigenst\u00e4ndiges Fest, sondern bildete den Abschluss eines sehr wichtigen politisch-religi\u00f6sen Ereignisses f\u00fcr die Kommune. Am Vorabend und am Festtag von Mari\u00e4 Himmelfahrt brachten die Gemeinde und die B\u00fcrger als Zeichen der Unterwerfung unter den Bischof Kerzen und Zensi in die Kathedrale.<\/span><\/p>\n<p><span style=\"font-weight: 400;\">Der Palio, von dem hier die Rede ist, wurde \"<strong>alla lunga<\/strong>\" oder in einer Reihe gelaufen, auf einer Strecke, die von au\u00dferhalb der Stadtmauern bis zur Kathedrale f\u00fchrte, von den Wiesen des Contado \u00fcber tuffsteinbedeckte, schlammige und holprige Stra\u00dfen wie Pantaneto bis hin zu den heiligen Marmoren der Kathedrale. Und am 15. August ritten die Adligen und Prominenten auf ihren Pferden. Der Palio \"<strong>alla tonda<\/strong>\" im Juli wurde dagegen erst im 17. Jahrhundert eingef\u00fchrt.<\/span><\/p>\n<p><span style=\"font-weight: 400;\">Bereits 1546 finden wir alle siebzehn der heutigen Contrade mit den heutigen Symbolen, aber mit anderen Farben (mehr \u00fcber die Contrade erfahren Sie hier).<\/span><\/p>\n<p><span style=\"font-weight: 400;\">Der Vorschlag, den Palio auf der Piazza zu veranstalten, wurde 1605 offiziell unterbreitet, und zwar aus mehreren Gr\u00fcnden, darunter die Gef\u00e4hrlichkeit der zuvor gew\u00e4hlten Stra\u00dfen und die Unm\u00f6glichkeit, das Spektakel in vollem Umfang zu genie\u00dfen. Der gr\u00f6\u00dfte Vorteil der Austragung des Palio auf der Piazza war jedoch die M\u00f6glichkeit, das gesamte Rennen von einem einzigen Platz aus zu verfolgen. Ab 1656 wurde der Palio alla tonda zur definitiven und regelm\u00e4\u00dfigen Wahl. <\/span><\/p>\n<p><span style=\"font-weight: 400;\">Bei den ersten Palii alla tonda wurden die Pferde durch die Auswahl einer <strong>m\u00f6glichst homogenen Partie<\/strong> ausgew\u00e4hlt, wobei am Ende der Auswahl die ersten und die letzten Pferde ausgeschlossen wurden, die ankamen. W\u00e4hrend die Contrade in der Vergangenheit ihre Pferde selbst\u00e4ndig beschafften, um allen die gleichen <strong>Siegchancen<\/strong> zu bieten, wurde ab 1676 jedes Pferd der konkurrierenden Contrade zugelost. <\/span><\/p>\n<p><span style=\"font-weight: 400;\">In jenen Jahren entsprach die Reihenfolge, in der das Pferd zugewiesen wurde, auch der Reihenfolge, in der die Statisten im Zug vor dem Rennen die Piazza betraten, ebenso wie die Reihenfolge der Aufstellung f\u00fcr den Palio-Umzug. <\/span><\/p>\n<p><span style=\"font-weight: 400;\">Ende des 17. und Anfang des 18. Jahrhunderts wurde festgelegt, dass auch ein gesch\u00fctteltes Pferd, d.h. eines ohne Jockey, den Palio gewinnen konnte. <strong>Und der barbero, der \"scosso\" wird, ist noch heute f\u00fcr die Sienesen das sch\u00f6nste Zeichen der Gunst des Schicksals und der Freude!<\/strong><\/span><\/p>\n<p>[\/et_pb_text][et_pb_button button_url=\"https:\/\/www.villadisotto.it\/wp-content\/uploads\/2024\/01\/Der_Palio_die_Geschichte.pdf\" button_text=\"PDF herunterladen\" button_alignment=\"center\" _builder_version=\"4.24.0\" custom_button=\"on\" button_text_color=\"#d3b14c\" button_bg_color=\"#ffffff\" button_border_color=\"#d3b14c\" button_icon=\"&#x35;||divi||400\" background_layout=\"dark\" hover_enabled=\"0\" locked=\"off\" global_colors_info=\"{}\" sticky_enabled=\"0\"][\/et_pb_button][\/et_pb_column][\/et_pb_row][\/et_pb_section][et_pb_section fb_built=\"1\" _builder_version=\"4.16\" custom_padding=\"0px||0px|||\" global_colors_info=\"{}\"][et_pb_row _builder_version=\"4.16\" custom_padding=\"0px||0px|||\" global_colors_info=\"{}\"][et_pb_column type=\"4_4\" _builder_version=\"4.16\" global_colors_info=\"{}\"][et_pb_text _builder_version=\"4.24.0\" text_orientation=\"center\" global_colors_info=\"{}\"]<iframe src=\"https:\/\/www.google.com\/maps\/embed?pb=!1m28!1m12!1m3!1d92853.53091219654!2d11.337503142524962!3d43.34203462305535!2m3!1f0!2f0!3f0!3m2!1i1024!2i768!4f13.1!4m13!3e6!4m5!1s0x132a2cb9f1439513%3A0x46ab39303192025a!2sPiazza%20del%20Campo%2C%20Il%20Campo%2C%20Siena%2C%20SI!3m2!1d43.318420499999995!2d11.331691099999999!4m5!1s0x132bcfb5562d131f%3A0xe86612684d6fa43b!2sVilla%20Di%20Sotto%2C%20Villa%20Di%20Sotto%2C%20Via%20di%20Santa%20Caterina%2C%20Villa%20A%20Sesta%2C%20SI!3m2!1d43.3842405!2d11.479857599999999!5e0!3m2!1sit!2sit!4v1706546908309!5m2!1sit!2sit\" width=\"1500\" height=\"450\" style=\"border:0;\" allowfullscreen=\"\" loading=\"lazy\" referrerpolicy=\"no-referrer-when-downgrade\"><\/iframe>[\/et_pb_text][\/et_pb_column][\/et_pb_row][\/et_pb_section][et_pb_section fb_built=\"1\" _builder_version=\"4.16\" custom_padding=\"||12px|||\" locked=\"off\" global_colors_info=\"{}\"][et_pb_row _builder_version=\"4.16\" global_colors_info=\"{}\"][et_pb_column type=\"4_4\" _builder_version=\"4.16\" global_colors_info=\"{}\"][et_pb_text _builder_version=\"4.16\" header_2_font=\"Petit Formal Script|700|||||||\" global_colors_info=\"{}\"]<\/p>\n<h2>Entdecken Sie das Chianti mit seinen Schl\u00f6ssern...<\/h2>\n<p>[\/et_pb_text][et_pb_blog fullwidth=\"off\" posts_number=\"3\" include_categories=\"61\" use_manual_excerpt=\"off\" show_author=\"off\" show_date=\"off\" show_categories=\"off\" show_excerpt=\"off\" offset_number=\"3\" _builder_version=\"4.24.0\" header_font=\"|600|on||||||\" header_text_align=\"center\" pagination_font_size=\"18px\" global_colors_info=\"{}\"][\/et_pb_blog][\/et_pb_column][\/et_pb_row][\/et_pb_section]<\/p>\n","protected":false},"excerpt":{"rendered":"<p>Der Palio: die Geschichte Nel Campo di Siena Der Palio di Siena ist das Ritual einer Stadt und das historische Ged\u00e4chtnis einer Zivilisation, deren Geschichte und Tradition er zweimal im Jahr (am 2. Juli und am 16. August) in Erinnerung ruft. Siena war eine etruskische Stadt, die gut mit den gro\u00dfen Zentren Etruriens verbunden war, [&hellip;]<\/p>\n","protected":false},"author":3,"featured_media":26017,"comment_status":"closed","ping_status":"closed","sticky":false,"template":"","format":"standard","meta":{"_et_pb_use_builder":"on","_et_pb_old_content":"","_et_gb_content_width":"","footnotes":""},"categories":[64],"tags":[],"class_list":["post-26129","post","type-post","status-publish","format-standard","has-post-thumbnail","hentry","category-stadt-siena"],"yoast_head":"<!-- This site is optimized with the Yoast SEO plugin v27.4 - https:\/\/yoast.com\/product\/yoast-seo-wordpress\/ -->\n<title>Der Palio: die Geschichte - Bed and Breakfast Villa di Sotto<\/title>\n<meta name=\"description\" content=\"Der Palio: die Geschichte | Der Palio di Siena ist das Ritual einer Stadt und das historische Ged\u00e4chtnis einer...\" \/>\n<meta name=\"robots\" content=\"index, follow, max-snippet:-1, max-image-preview:large, max-video-preview:-1\" \/>\n<link rel=\"canonical\" href=\"https:\/\/www.villadisotto.it\/de\/der-palio-die-geschichte\/\" \/>\n<meta property=\"og:locale\" content=\"de_DE\" \/>\n<meta property=\"og:type\" content=\"article\" \/>\n<meta property=\"og:title\" content=\"Der Palio: die Geschichte - Bed and Breakfast Villa di Sotto\" \/>\n<meta property=\"og:description\" content=\"Der Palio: die Geschichte | Der Palio di Siena ist das Ritual einer Stadt und das historische Ged\u00e4chtnis einer...\" \/>\n<meta property=\"og:url\" content=\"https:\/\/www.villadisotto.it\/de\/der-palio-die-geschichte\/\" \/>\n<meta property=\"og:site_name\" content=\"Villa di Sotto\" \/>\n<meta property=\"article:author\" content=\"https:\/\/www.facebook.com\/villadisotto\/\" \/>\n<meta property=\"article:published_time\" content=\"2024-01-31T13:58:32+00:00\" \/>\n<meta property=\"article:modified_time\" content=\"2024-01-31T14:53:24+00:00\" \/>\n<meta property=\"og:image\" content=\"https:\/\/www.villadisotto.it\/wp-content\/uploads\/2024\/01\/ilpaliodisienaleorigini.jpg\" \/>\n\t<meta property=\"og:image:width\" content=\"960\" \/>\n\t<meta property=\"og:image:height\" content=\"640\" \/>\n\t<meta property=\"og:image:type\" content=\"image\/jpeg\" \/>\n<meta name=\"author\" content=\"Giulia\" \/>\n<meta name=\"twitter:card\" content=\"summary_large_image\" \/>\n<meta name=\"twitter:label1\" content=\"Verfasst von\" \/>\n\t<meta name=\"twitter:data1\" content=\"Giulia\" \/>\n\t<meta name=\"twitter:label2\" content=\"Gesch\u00e4tzte Lesezeit\" \/>\n\t<meta name=\"twitter:data2\" content=\"5\u00a0Minuten\" \/>\n<script type=\"application\/ld+json\" class=\"yoast-schema-graph\">{\"@context\":\"https:\\\/\\\/schema.org\",\"@graph\":[{\"@type\":\"Article\",\"@id\":\"https:\\\/\\\/www.villadisotto.it\\\/de\\\/der-palio-die-geschichte\\\/#article\",\"isPartOf\":{\"@id\":\"https:\\\/\\\/www.villadisotto.it\\\/de\\\/der-palio-die-geschichte\\\/\"},\"author\":{\"name\":\"Giulia\",\"@id\":\"https:\\\/\\\/www.villadisotto.it\\\/#\\\/schema\\\/person\\\/de6fd4c383fbdf92ac085b86f79f9d70\"},\"headline\":\"Der Palio: die Geschichte\",\"datePublished\":\"2024-01-31T13:58:32+00:00\",\"dateModified\":\"2024-01-31T14:53:24+00:00\",\"mainEntityOfPage\":{\"@id\":\"https:\\\/\\\/www.villadisotto.it\\\/de\\\/der-palio-die-geschichte\\\/\"},\"wordCount\":1048,\"image\":{\"@id\":\"https:\\\/\\\/www.villadisotto.it\\\/de\\\/der-palio-die-geschichte\\\/#primaryimage\"},\"thumbnailUrl\":\"https:\\\/\\\/www.villadisotto.it\\\/wp-content\\\/uploads\\\/2024\\\/01\\\/ilpaliodisienaleorigini.jpg\",\"articleSection\":[\"Stadt Siena\"],\"inLanguage\":\"de\"},{\"@type\":\"WebPage\",\"@id\":\"https:\\\/\\\/www.villadisotto.it\\\/de\\\/der-palio-die-geschichte\\\/\",\"url\":\"https:\\\/\\\/www.villadisotto.it\\\/de\\\/der-palio-die-geschichte\\\/\",\"name\":\"Der Palio: die Geschichte - Bed and Breakfast Villa di Sotto\",\"isPartOf\":{\"@id\":\"https:\\\/\\\/www.villadisotto.it\\\/#website\"},\"primaryImageOfPage\":{\"@id\":\"https:\\\/\\\/www.villadisotto.it\\\/de\\\/der-palio-die-geschichte\\\/#primaryimage\"},\"image\":{\"@id\":\"https:\\\/\\\/www.villadisotto.it\\\/de\\\/der-palio-die-geschichte\\\/#primaryimage\"},\"thumbnailUrl\":\"https:\\\/\\\/www.villadisotto.it\\\/wp-content\\\/uploads\\\/2024\\\/01\\\/ilpaliodisienaleorigini.jpg\",\"datePublished\":\"2024-01-31T13:58:32+00:00\",\"dateModified\":\"2024-01-31T14:53:24+00:00\",\"author\":{\"@id\":\"https:\\\/\\\/www.villadisotto.it\\\/#\\\/schema\\\/person\\\/de6fd4c383fbdf92ac085b86f79f9d70\"},\"description\":\"Der Palio: die Geschichte | Der Palio di Siena ist das Ritual einer Stadt und das historische Ged\u00e4chtnis einer...\",\"breadcrumb\":{\"@id\":\"https:\\\/\\\/www.villadisotto.it\\\/de\\\/der-palio-die-geschichte\\\/#breadcrumb\"},\"inLanguage\":\"de\",\"potentialAction\":[{\"@type\":\"ReadAction\",\"target\":[\"https:\\\/\\\/www.villadisotto.it\\\/de\\\/der-palio-die-geschichte\\\/\"]}]},{\"@type\":\"ImageObject\",\"inLanguage\":\"de\",\"@id\":\"https:\\\/\\\/www.villadisotto.it\\\/de\\\/der-palio-die-geschichte\\\/#primaryimage\",\"url\":\"https:\\\/\\\/www.villadisotto.it\\\/wp-content\\\/uploads\\\/2024\\\/01\\\/ilpaliodisienaleorigini.jpg\",\"contentUrl\":\"https:\\\/\\\/www.villadisotto.it\\\/wp-content\\\/uploads\\\/2024\\\/01\\\/ilpaliodisienaleorigini.jpg\",\"width\":960,\"height\":640},{\"@type\":\"BreadcrumbList\",\"@id\":\"https:\\\/\\\/www.villadisotto.it\\\/de\\\/der-palio-die-geschichte\\\/#breadcrumb\",\"itemListElement\":[{\"@type\":\"ListItem\",\"position\":1,\"name\":\"Home\",\"item\":\"https:\\\/\\\/www.villadisotto.it\\\/\"},{\"@type\":\"ListItem\",\"position\":2,\"name\":\"Der Palio: die Geschichte\"}]},{\"@type\":\"WebSite\",\"@id\":\"https:\\\/\\\/www.villadisotto.it\\\/#website\",\"url\":\"https:\\\/\\\/www.villadisotto.it\\\/\",\"name\":\"Villa di Sotto\",\"description\":\"Il cuore del Chianti\",\"potentialAction\":[{\"@type\":\"SearchAction\",\"target\":{\"@type\":\"EntryPoint\",\"urlTemplate\":\"https:\\\/\\\/www.villadisotto.it\\\/?s={search_term_string}\"},\"query-input\":{\"@type\":\"PropertyValueSpecification\",\"valueRequired\":true,\"valueName\":\"search_term_string\"}}],\"inLanguage\":\"de\"},{\"@type\":\"Person\",\"@id\":\"https:\\\/\\\/www.villadisotto.it\\\/#\\\/schema\\\/person\\\/de6fd4c383fbdf92ac085b86f79f9d70\",\"name\":\"Giulia\",\"image\":{\"@type\":\"ImageObject\",\"inLanguage\":\"de\",\"@id\":\"https:\\\/\\\/secure.gravatar.com\\\/avatar\\\/c4c535cf59659e54ef635c590eb25e0648a3a555d17a0fcdbf62384f0c501661?s=96&d=mm&r=g\",\"url\":\"https:\\\/\\\/secure.gravatar.com\\\/avatar\\\/c4c535cf59659e54ef635c590eb25e0648a3a555d17a0fcdbf62384f0c501661?s=96&d=mm&r=g\",\"contentUrl\":\"https:\\\/\\\/secure.gravatar.com\\\/avatar\\\/c4c535cf59659e54ef635c590eb25e0648a3a555d17a0fcdbf62384f0c501661?s=96&d=mm&r=g\",\"caption\":\"Giulia\"},\"sameAs\":[\"http:\\\/\\\/www.villadisotto.it\",\"https:\\\/\\\/www.facebook.com\\\/villadisotto\\\/\",\"https:\\\/\\\/www.instagram.com\\\/villadisotto\\\/\"],\"url\":\"https:\\\/\\\/www.villadisotto.it\\\/de\\\/author\\\/giulia\\\/\"}]}<\/script>\n<!-- \/ Yoast SEO plugin. -->","yoast_head_json":{"title":"Der Palio: die Geschichte - Bed and Breakfast Villa di Sotto","description":"Der Palio: die Geschichte | Der Palio di Siena ist das Ritual einer Stadt und das historische Ged\u00e4chtnis einer...","robots":{"index":"index","follow":"follow","max-snippet":"max-snippet:-1","max-image-preview":"max-image-preview:large","max-video-preview":"max-video-preview:-1"},"canonical":"https:\/\/www.villadisotto.it\/de\/der-palio-die-geschichte\/","og_locale":"de_DE","og_type":"article","og_title":"Der Palio: die Geschichte - Bed and Breakfast Villa di Sotto","og_description":"Der Palio: die Geschichte | Der Palio di Siena ist das Ritual einer Stadt und das historische Ged\u00e4chtnis einer...","og_url":"https:\/\/www.villadisotto.it\/de\/der-palio-die-geschichte\/","og_site_name":"Villa di Sotto","article_author":"https:\/\/www.facebook.com\/villadisotto\/","article_published_time":"2024-01-31T13:58:32+00:00","article_modified_time":"2024-01-31T14:53:24+00:00","og_image":[{"width":960,"height":640,"url":"https:\/\/www.villadisotto.it\/wp-content\/uploads\/2024\/01\/ilpaliodisienaleorigini.jpg","type":"image\/jpeg"}],"author":"Giulia","twitter_card":"summary_large_image","twitter_misc":{"Verfasst von":"Giulia","Gesch\u00e4tzte Lesezeit":"5\u00a0Minuten"},"schema":{"@context":"https:\/\/schema.org","@graph":[{"@type":"Article","@id":"https:\/\/www.villadisotto.it\/de\/der-palio-die-geschichte\/#article","isPartOf":{"@id":"https:\/\/www.villadisotto.it\/de\/der-palio-die-geschichte\/"},"author":{"name":"Giulia","@id":"https:\/\/www.villadisotto.it\/#\/schema\/person\/de6fd4c383fbdf92ac085b86f79f9d70"},"headline":"Der Palio: die Geschichte","datePublished":"2024-01-31T13:58:32+00:00","dateModified":"2024-01-31T14:53:24+00:00","mainEntityOfPage":{"@id":"https:\/\/www.villadisotto.it\/de\/der-palio-die-geschichte\/"},"wordCount":1048,"image":{"@id":"https:\/\/www.villadisotto.it\/de\/der-palio-die-geschichte\/#primaryimage"},"thumbnailUrl":"https:\/\/www.villadisotto.it\/wp-content\/uploads\/2024\/01\/ilpaliodisienaleorigini.jpg","articleSection":["Stadt Siena"],"inLanguage":"de"},{"@type":"WebPage","@id":"https:\/\/www.villadisotto.it\/de\/der-palio-die-geschichte\/","url":"https:\/\/www.villadisotto.it\/de\/der-palio-die-geschichte\/","name":"Der Palio: die Geschichte - Bed and Breakfast Villa di Sotto","isPartOf":{"@id":"https:\/\/www.villadisotto.it\/#website"},"primaryImageOfPage":{"@id":"https:\/\/www.villadisotto.it\/de\/der-palio-die-geschichte\/#primaryimage"},"image":{"@id":"https:\/\/www.villadisotto.it\/de\/der-palio-die-geschichte\/#primaryimage"},"thumbnailUrl":"https:\/\/www.villadisotto.it\/wp-content\/uploads\/2024\/01\/ilpaliodisienaleorigini.jpg","datePublished":"2024-01-31T13:58:32+00:00","dateModified":"2024-01-31T14:53:24+00:00","author":{"@id":"https:\/\/www.villadisotto.it\/#\/schema\/person\/de6fd4c383fbdf92ac085b86f79f9d70"},"description":"Der Palio: die Geschichte | Der Palio di Siena ist das Ritual einer Stadt und das historische Ged\u00e4chtnis einer...","breadcrumb":{"@id":"https:\/\/www.villadisotto.it\/de\/der-palio-die-geschichte\/#breadcrumb"},"inLanguage":"de","potentialAction":[{"@type":"ReadAction","target":["https:\/\/www.villadisotto.it\/de\/der-palio-die-geschichte\/"]}]},{"@type":"ImageObject","inLanguage":"de","@id":"https:\/\/www.villadisotto.it\/de\/der-palio-die-geschichte\/#primaryimage","url":"https:\/\/www.villadisotto.it\/wp-content\/uploads\/2024\/01\/ilpaliodisienaleorigini.jpg","contentUrl":"https:\/\/www.villadisotto.it\/wp-content\/uploads\/2024\/01\/ilpaliodisienaleorigini.jpg","width":960,"height":640},{"@type":"BreadcrumbList","@id":"https:\/\/www.villadisotto.it\/de\/der-palio-die-geschichte\/#breadcrumb","itemListElement":[{"@type":"ListItem","position":1,"name":"Home","item":"https:\/\/www.villadisotto.it\/"},{"@type":"ListItem","position":2,"name":"Der Palio: die Geschichte"}]},{"@type":"WebSite","@id":"https:\/\/www.villadisotto.it\/#website","url":"https:\/\/www.villadisotto.it\/","name":"Villa di Sotto","description":"Il cuore del Chianti","potentialAction":[{"@type":"SearchAction","target":{"@type":"EntryPoint","urlTemplate":"https:\/\/www.villadisotto.it\/?s={search_term_string}"},"query-input":{"@type":"PropertyValueSpecification","valueRequired":true,"valueName":"search_term_string"}}],"inLanguage":"de"},{"@type":"Person","@id":"https:\/\/www.villadisotto.it\/#\/schema\/person\/de6fd4c383fbdf92ac085b86f79f9d70","name":"Giulia","image":{"@type":"ImageObject","inLanguage":"de","@id":"https:\/\/secure.gravatar.com\/avatar\/c4c535cf59659e54ef635c590eb25e0648a3a555d17a0fcdbf62384f0c501661?s=96&d=mm&r=g","url":"https:\/\/secure.gravatar.com\/avatar\/c4c535cf59659e54ef635c590eb25e0648a3a555d17a0fcdbf62384f0c501661?s=96&d=mm&r=g","contentUrl":"https:\/\/secure.gravatar.com\/avatar\/c4c535cf59659e54ef635c590eb25e0648a3a555d17a0fcdbf62384f0c501661?s=96&d=mm&r=g","caption":"Giulia"},"sameAs":["http:\/\/www.villadisotto.it","https:\/\/www.facebook.com\/villadisotto\/","https:\/\/www.instagram.com\/villadisotto\/"],"url":"https:\/\/www.villadisotto.it\/de\/author\/giulia\/"}]}},"_links":{"self":[{"href":"https:\/\/www.villadisotto.it\/de\/wp-json\/wp\/v2\/posts\/26129","targetHints":{"allow":["GET"]}}],"collection":[{"href":"https:\/\/www.villadisotto.it\/de\/wp-json\/wp\/v2\/posts"}],"about":[{"href":"https:\/\/www.villadisotto.it\/de\/wp-json\/wp\/v2\/types\/post"}],"author":[{"embeddable":true,"href":"https:\/\/www.villadisotto.it\/de\/wp-json\/wp\/v2\/users\/3"}],"replies":[{"embeddable":true,"href":"https:\/\/www.villadisotto.it\/de\/wp-json\/wp\/v2\/comments?post=26129"}],"version-history":[{"count":8,"href":"https:\/\/www.villadisotto.it\/de\/wp-json\/wp\/v2\/posts\/26129\/revisions"}],"predecessor-version":[{"id":26198,"href":"https:\/\/www.villadisotto.it\/de\/wp-json\/wp\/v2\/posts\/26129\/revisions\/26198"}],"wp:featuredmedia":[{"embeddable":true,"href":"https:\/\/www.villadisotto.it\/de\/wp-json\/wp\/v2\/media\/26017"}],"wp:attachment":[{"href":"https:\/\/www.villadisotto.it\/de\/wp-json\/wp\/v2\/media?parent=26129"}],"wp:term":[{"taxonomy":"category","embeddable":true,"href":"https:\/\/www.villadisotto.it\/de\/wp-json\/wp\/v2\/categories?post=26129"},{"taxonomy":"post_tag","embeddable":true,"href":"https:\/\/www.villadisotto.it\/de\/wp-json\/wp\/v2\/tags?post=26129"}],"curies":[{"name":"wp","href":"https:\/\/api.w.org\/{rel}","templated":true}]}}